{"id":220097,"date":"2012-06-29T12:50:06","date_gmt":"2012-06-29T10:50:06","guid":{"rendered":"http:\/\/www.ivg.it\/?p=220097"},"modified":"2012-06-29T16:32:13","modified_gmt":"2012-06-29T14:32:13","slug":"caldo-e-afa-il-comue-di-savona-si-attrezza-call-center-e-custodi-sociali-iper-attivi-per-gli-anziani","status":"publish","type":"post","link":"https:\/\/staging.ivg.it\/2012\/06\/caldo-e-afa-il-comue-di-savona-si-attrezza-call-center-e-custodi-sociali-iper-attivi-per-gli-anziani\/","title":{"rendered":"Caldo e afa, il Comune di Savona si &#8220;attrezza&#8221;: call center e custodi sociali iper-attivi per gli anziani"},"content":{"rendered":"<p><strong>Savona.<\/strong> Anche per l&#8217;estate 2012 il Comune di Savona con il Distretto Sociosanitario n. 7 Savonese promuove una serie di azioni per la prevenzione e al controllo di situazioni di disagio e di rischio per le condizioni di salute, rivolte in particolare alla popolazione anziana del nostro territorio, eventualmente determinate ed amplificate da condizioni climatiche caratterizzate da ondate di calore.<\/p>\n<p>Gli interventi sono stati attivati a partire dal 1\u00b0 marzo e proseguiranno fino al 28 febbraio 2013 e si inseriscono in un progetto generale fondato sul principio di continuit\u00e0 assistenziale e di cura, finalizzato ad intercettare preventivamente le condizioni di rischio e bisogno mediante un servizio sociosanitari a bassa soglia, coordinato dai Distretti Sociosanitari, in collaborazione funzionale con l&#8217;Associazione Temporanea di Scopo Distrettuale, gli Ambiti Territoriali Sociali, le risorse della solidariet\u00e0 sociale del territorio, quali associazioni di volontariato, buon vicinato e sportelli delle organizzazioni sindacali e il Dipartimento Cure Primarie ed Attivit\u00e0 Distrettuali dell&#8217;Asl n. 2 Savonese.<\/p>\n<p>Le azioni promosse sono le seguenti: call center al numero verde gratuito 800 99 59 88, attivo tutti i giorni dell\u2019anno, festivi compresi, dalle ore 8.00 alle ore 20.00, con funzioni di ascolto, aiuto ed orientamento alla persona e alla famiglia e di smistamento delle segnalazioni ricevute ai singoli soggetti della rete (Distretti Sociosanitari, Medici di Medicina Generale, Forze dell\u2019Ordine, Vigili del Fuoco, Polizia Municipale e Associazioni di volontariato).<\/p>\n<p>I cittadini che intendono rivolgersi ai servizi sociali possono contattare l&#8217;Area Anziani e Disabilit\u00e0 del Comune di Savona al numero 019-820661. Le segnalazioni per l&#8217;attivazione del servizio dei custodi sociosanitari possono essere presentate dai servizi sociali territoriali, dai medici di medicina generale e dalle associazioni di volontariato.<\/p>\n<p>Gli interventi vengono erogati in base ad un Piano Individualizzato di Assistenza, redatto a cura dei servizi sociali mediante compilazione di una scheda di valutazione che determina, sulla base di una serie di caratteristiche personali e socio-ambientali, la tipologia di prestazione (intervento del volontariato, custode sociosanitario, entrambi) il numero di accessi settimanali e\/o contatti telefonici. Per ulteriori informazioni: 019 83105528.<\/p>\n<p>&#8220;Savona non \u00e8 tra le citt\u00e0 da bollino rosso, ma ci prepariamo comunque: il caldo pu\u00f2 colpire chiunque, soprattutto malati, anziani e bimbi che devono essere protetti contro l&#8217;afa e l&#8217;umidit\u00e0 che provocano scompensi&#8221; ha detto l&#8217;assessore ai servizi sociali Isabella Sorgini.<\/p>\n","protected":false},"excerpt":{"rendered":"<p>Savona. Anche per l&#8217;estate 2012 il Comune di Savona con il Distretto Sociosanitario n. 7 Savonese promuove una serie di azioni per la prevenzione e al controllo di situazioni di disagio e di rischio per le condizioni di salute, rivolte in particolare alla popolazione anziana del nostro territorio, eventualmente determinate ed amplificate da condizioni climatiche [&hellip;]<\/p>\n","protected":false},"author":13744,"featured_media":0,"comment_status":"open","ping_status":"closed","sticky":false,"template":"","format":"standard","meta":{"footnotes":""},"categories":[56],"tags":[937,10315,13258,85850],"class_list":["post-220097","post","type-post","status-publish","format-standard","hentry","category-altre","tag-anziani","tag-caldo","tag-isabella-sorgini","tag-savona","post_cat_citta-savona"],"amp_validity":null,"amp_enabled":true,"_links":{"self":[{"href":"https:\/\/staging.ivg.it\/ediapi\/wp\/v2\/posts\/220097","targetHints":{"allow":["GET"]}}],"collection":[{"href":"https:\/\/staging.ivg.it\/ediapi\/wp\/v2\/posts"}],"about":[{"href":"https:\/\/staging.ivg.it\/ediapi\/wp\/v2\/types\/post"}],"author":[{"embeddable":true,"href":"https:\/\/staging.ivg.it\/ediapi\/wp\/v2\/users\/13744"}],"replies":[{"embeddable":true,"href":"https:\/\/staging.ivg.it\/ediapi\/wp\/v2\/comments?post=220097"}],"version-history":[{"count":0,"href":"https:\/\/staging.ivg.it\/ediapi\/wp\/v2\/posts\/220097\/revisions"}],"wp:attachment":[{"href":"https:\/\/staging.ivg.it\/ediapi\/wp\/v2\/media?parent=220097"}],"wp:term":[{"taxonomy":"category","embeddable":true,"href":"https:\/\/staging.ivg.it\/ediapi\/wp\/v2\/categories?post=220097"},{"taxonomy":"post_tag","embeddable":true,"href":"https:\/\/staging.ivg.it\/ediapi\/wp\/v2\/tags?post=220097"}],"curies":[{"name":"wp","href":"https:\/\/api.w.org\/{rel}","templated":true}]}}