{"id":220093,"date":"2012-06-29T12:14:28","date_gmt":"2012-06-29T10:14:28","guid":{"rendered":"http:\/\/www.ivg.it\/?p=220093"},"modified":"2012-06-29T16:06:04","modified_gmt":"2012-06-29T14:06:04","slug":"relazione-parlamentare-sulla-sanita-i-genovesi-maglia-nera-nella-spesa-pro-capite-250-euro-in-piu-dei-savonesi","status":"publish","type":"post","link":"https:\/\/staging.ivg.it\/2012\/06\/relazione-parlamentare-sulla-sanita-i-genovesi-maglia-nera-nella-spesa-pro-capite-250-euro-in-piu-dei-savonesi\/","title":{"rendered":"Relazione parlamentare sulla sanit\u00e0: i genovesi maglia nera nella spesa pro capite, 250 euro in pi\u00f9 dei savonesi"},"content":{"rendered":"<p><strong>Savona<\/strong>. Frammentaria, disomogenea, sprecona: \u00e8 la sanit\u00e0 ligure che emerge dalla relazione della commissione parlamentare d&#8217;inchiesta sul disavanzo regionale e gli errori nell&#8217;organizzazione ospedaliera. Allo stesso tempo, la commissione promuove il duro piano di rientro dalle secche portato avanti dal governatore Burlando e dall&#8217;assessore regionale Montaldo. La &#8220;cura dimagrante&#8221; in politica sanitaria, quindi, andr\u00e0 avanti e con le scelte che hanno gi\u00e0 sollevato un polverone, a partire dai declassamenti dei pronto soccorso a presidi di primo intervento e dagli accorpamenti delle centrali 118.<\/p>\n<p>La relazione, hanno spiegato oggi gli onorevoli Massimo Zunino e Lucio Barani, &#8220;resitituisce una valutazione complessivamente positiva dei conti della sanit\u00e0 e dell&#8217;effettiva tutela del diritto alla salute dei cittadini&#8221;. Quello che salta subito agli occhi \u00e8 la sperequazione della spesa media pro capite, nelle diverse province e Asl di riferimento. Mentre, per contro, la spesa farmaceutica appare virtuosamente in calo.<\/p>\n<p>Negli ultimi anni, infatti, la Regione ha attuato pratiche di contenimento della spesa farmaceutica. In base ai dati Agenas, si \u00e8 passati da 240 milioni di euro nel 2010 a 225 milioni nel 2011, con una riduzione complessiva del 5,8% da un anno all&#8217;altro.<\/p>\n<p>Invece la spesa media per cittadino residente cambia in modo disomogeno da Asl ad Asl. La media regionale \u00e8 di 1.969 euro. Le difformit\u00e0 si notano nelle singole aziende sanitarie: la Asl 3 Genovese registra una spesa media pro capite di 2.144 euro, la Asl 2 Savonese di 1.894, la Asl 5 Spezzina di 1.847, la Asl 4 Chiavarese di 1.810, la Asl 1 Imperiese infine di 1.712 euro.<\/p>\n<p>E&#8217; evidente che per l&#8217;Asl Genovese lo scostamento in pi\u00f9 sulla media \u00e8 pari a circa il 9%. Problematica dovuta al numero di strutture ospedaliere complesse e di servizi medici. La spesa media pro capite \u00e8 inferiore nell&#8217;Imperiese e nello Spezzino, dove non c&#8217;\u00e8 una rete ospedaliera altrettanto adeguata e le Asl hanno maggiore difficolt\u00e0 nel contenere le liste d&#8217;attesa sia per i ricoveri programmati che le prestazioni specialistiche ambulatoriali.<\/p>\n<p>La pressione sui pronto soccorso da parte dell&#8217;utenza \u00e8 sempre elevata e assorbe energie e fondi. &#8220;C&#8217;\u00e8 un grande problema di educazione dei cittadini &#8211; sostiene l&#8217;assessore Montaldo &#8211; Si va ancora al pronto soccorso per problemi poco importanti. Chiediamo i medici di famiglia di associarsi e di aprire gli studi dal lunedi al venerdi almeno 8 ore, alternandosi: questa soluzione offre al cittadino maggiore sicurezza, ma lo stesso cittadino si deve rivolgere a loro; il pronto soccorso deve essere lasciato libero per chi ha problemi pi\u00f9 seri&#8221;.<\/p>\n<p>&#8220;Poi &#8211; conclude l&#8217;assessore regionale alla salute &#8211; si sta lavorando sulla turnazione dei posti letto e la dimissione puntuale, nonch\u00e9 sulla tempistica degli esami: sono obiettivi cogenti per tutti i direttori generali delle Asl&#8221;.<\/p>\n<p>Cos\u00ec il governatore regionale Claudio Burlando: \u201cLa sanit\u00e0 vive e vivr\u00e0 un momento molto complicato perch\u00e9 dovr\u00e0 far fronte a bisogni crescenti con risorse decrescenti. Credo che ormai sia chiaro a tutti. Quindi la capacit\u00e0 di fare scelte per indirizzare risorse scarse nelle direzioni pi\u00f9 giuste caratterizzer\u00e0 il lavoro degli amministratori, anche perch\u00e9 non credo sia vicino il tempo in cui il fondo per la sanit\u00e0 riprender\u00e0 a crescere. Noi stiamo lavorando in questa direzione, intervenendo sui costi in modo massiccio, anche se ancora non sappiamo se questo ci permetter\u00e0 di raggiungere l\u2019equilibrio di bilancio&#8221;.<\/p>\n<p>&#8220;E\u2019 evidente che nessuno di noi \u00e8 immune da errori, tuttavia mi par di capire che emergano tanti elementi positivi dalla relazione che si presenta oggi&#8221; conclude Burlando.<\/p>\n","protected":false},"excerpt":{"rendered":"<p>Savona. Frammentaria, disomogenea, sprecona: \u00e8 la sanit\u00e0 ligure che emerge dalla relazione della commissione parlamentare d&#8217;inchiesta sul disavanzo regionale e gli errori nell&#8217;organizzazione ospedaliera. Allo stesso tempo, la commissione promuove il duro piano di rientro dalle secche portato avanti dal governatore Burlando e dall&#8217;assessore regionale Montaldo. La &#8220;cura dimagrante&#8221; in politica sanitaria, quindi, andr\u00e0 avanti [&hellip;]<\/p>\n","protected":false},"author":13744,"featured_media":0,"comment_status":"open","ping_status":"closed","sticky":false,"template":"","format":"standard","meta":{"footnotes":""},"categories":[35,31],"tags":[85841,151,910,670,295,111,85850],"class_list":["post-220093","post","type-post","status-publish","format-standard","hentry","category-economia","category-politica","tag-albenga","tag-cairo","tag-claudio-montaldo","tag-pietra","tag-regione","tag-sanita","tag-savona","post_cat_citta-albenga","post_cat_citta-andora","post_cat_citta-cairo-montenotte","post_cat_citta-pietra-ligure","post_cat_citta-savona"],"amp_validity":null,"amp_enabled":true,"_links":{"self":[{"href":"https:\/\/staging.ivg.it\/ediapi\/wp\/v2\/posts\/220093","targetHints":{"allow":["GET"]}}],"collection":[{"href":"https:\/\/staging.ivg.it\/ediapi\/wp\/v2\/posts"}],"about":[{"href":"https:\/\/staging.ivg.it\/ediapi\/wp\/v2\/types\/post"}],"author":[{"embeddable":true,"href":"https:\/\/staging.ivg.it\/ediapi\/wp\/v2\/users\/13744"}],"replies":[{"embeddable":true,"href":"https:\/\/staging.ivg.it\/ediapi\/wp\/v2\/comments?post=220093"}],"version-history":[{"count":0,"href":"https:\/\/staging.ivg.it\/ediapi\/wp\/v2\/posts\/220093\/revisions"}],"wp:attachment":[{"href":"https:\/\/staging.ivg.it\/ediapi\/wp\/v2\/media?parent=220093"}],"wp:term":[{"taxonomy":"category","embeddable":true,"href":"https:\/\/staging.ivg.it\/ediapi\/wp\/v2\/categories?post=220093"},{"taxonomy":"post_tag","embeddable":true,"href":"https:\/\/staging.ivg.it\/ediapi\/wp\/v2\/tags?post=220093"}],"curies":[{"name":"wp","href":"https:\/\/api.w.org\/{rel}","templated":true}]}}