{"id":219853,"date":"2012-06-26T14:32:46","date_gmt":"2012-06-26T12:32:46","guid":{"rendered":"http:\/\/www.ivg.it\/?p=219853"},"modified":"2012-06-26T14:32:46","modified_gmt":"2012-06-26T12:32:46","slug":"cairo-vertenza-viglietti-aero-segreterie-sindacali-chiedono-incontro-istituzionale","status":"publish","type":"post","link":"https:\/\/staging.ivg.it\/2012\/06\/cairo-vertenza-viglietti-aero-segreterie-sindacali-chiedono-incontro-istituzionale\/","title":{"rendered":"Cairo, vertenza Viglietti Aero: segreterie sindacali chiedono incontro istituzionale"},"content":{"rendered":"<p><strong>Cairo Montenotte<\/strong>. Le segreterie provinciali di Fiom-Cgil e Uilm-Uil di Savona hanno inviato una richiesta di incontro alla Regione Liguria (assessori Guccinelli e Vesco), alla Provincia di Savona (assessore Sambin) e al Comune di Cairo Montenotte per la vertenza Viglietti Aero di Cairo Montenotte, &#8220;con l\u2019obiettivo di condividere con istituzioni e azienda un percorso finalizzato alla ricollocazione dei lavoratori interessati alla vertenza&#8221;.<\/p>\n<p>&#8220;Tenendo conto che i lavoratori sono sospesi in cassa integrazione straordinaria dallo scorso mese di luglio causa la cessazione di attivit\u00e0 della societ\u00e0 nello stabilimento di Cairo Montenotte e la messa in liquidazione dall\u2019azienda stessa&#8221; precisa Andrea Pasa della Fiom-Cgil.<\/p>\n<p>\u201cTemiamo che la messa in liquidazione della societ\u00e0 e la successiva chiusura siano solo l\u2019inizio del calvario dei lavoratori &#8211; spiega &#8211; visto che da pi\u00f9 di 6 mesi non abbiamo notizie dalla Societ\u00e0 Viglietti relativamente al futuro del sito e delle attivit\u00e0 che all\u2019interno si potrebbero ancora effettuare&#8221;.<\/p>\n<p>&#8220;La Viglietti Aero ha iniziato le proprie attivit\u00e0 nel 2009 anche e soprattutto grazie ai vari interventi delle istituzioni locali in termini di percorsi formativi finanziati totalmente dalla collettivit\u00e0 che avevano l\u2019obiettivo di stabilizzare i lavoratori e soprattutto dare il via ad un progetto di sviluppo nel comparto dell\u2019aeronautica grazie all\u2019accordo do programma della Piaggio stipulato nel 2008 presso la Regione Liguria e dare al territorio valbormidese cos\u00ec drammaticamente martoriato da chiusure aziendali negli ultimi 3-4 anni, un\u2019occasione di rilancio industriale&#8221; conclude Pasa.<\/p>\n","protected":false},"excerpt":{"rendered":"<p>Cairo Montenotte. Le segreterie provinciali di Fiom-Cgil e Uilm-Uil di Savona hanno inviato una richiesta di incontro alla Regione Liguria (assessori Guccinelli e Vesco), alla Provincia di Savona (assessore Sambin) e al Comune di Cairo Montenotte per la vertenza Viglietti Aero di Cairo Montenotte, &#8220;con l\u2019obiettivo di condividere con istituzioni e azienda un percorso finalizzato [&hellip;]<\/p>\n","protected":false},"author":13744,"featured_media":0,"comment_status":"open","ping_status":"closed","sticky":false,"template":"","format":"standard","meta":{"footnotes":""},"categories":[35],"tags":[10033,151,6517,1817,2337],"class_list":["post-219853","post","type-post","status-publish","format-standard","hentry","category-economia","tag-andrea-pasa","tag-cairo","tag-fiom","tag-industria","tag-viglietti","post_cat_citta-cairo-montenotte"],"amp_validity":null,"amp_enabled":true,"_links":{"self":[{"href":"https:\/\/staging.ivg.it\/ediapi\/wp\/v2\/posts\/219853","targetHints":{"allow":["GET"]}}],"collection":[{"href":"https:\/\/staging.ivg.it\/ediapi\/wp\/v2\/posts"}],"about":[{"href":"https:\/\/staging.ivg.it\/ediapi\/wp\/v2\/types\/post"}],"author":[{"embeddable":true,"href":"https:\/\/staging.ivg.it\/ediapi\/wp\/v2\/users\/13744"}],"replies":[{"embeddable":true,"href":"https:\/\/staging.ivg.it\/ediapi\/wp\/v2\/comments?post=219853"}],"version-history":[{"count":0,"href":"https:\/\/staging.ivg.it\/ediapi\/wp\/v2\/posts\/219853\/revisions"}],"wp:attachment":[{"href":"https:\/\/staging.ivg.it\/ediapi\/wp\/v2\/media?parent=219853"}],"wp:term":[{"taxonomy":"category","embeddable":true,"href":"https:\/\/staging.ivg.it\/ediapi\/wp\/v2\/categories?post=219853"},{"taxonomy":"post_tag","embeddable":true,"href":"https:\/\/staging.ivg.it\/ediapi\/wp\/v2\/tags?post=219853"}],"curies":[{"name":"wp","href":"https:\/\/api.w.org\/{rel}","templated":true}]}}