{"id":219777,"date":"2012-06-25T13:05:06","date_gmt":"2012-06-25T11:05:06","guid":{"rendered":"http:\/\/www.ivg.it\/?p=219777"},"modified":"2012-06-25T16:16:20","modified_gmt":"2012-06-25T14:16:20","slug":"tribunale-albenga-avvocato-cardone-importante-in-un-territorio-con-alto-tasso-di-criminalita","status":"publish","type":"post","link":"https:\/\/staging.ivg.it\/2012\/06\/tribunale-albenga-avvocato-cardone-importante-in-un-territorio-con-alto-tasso-di-criminalita\/","title":{"rendered":"Tribunale Albenga, avvocato Cardone: &#8220;Importante in un territorio con alto tasso di criminalit\u00e0&#8221;"},"content":{"rendered":"<p>&#8220;Il tribunale di Albenga \u00e8 una risorsa per il territorio e costituisce una modalit\u00e0 concreta per fornire un servizio ai cittadini. Un servizio di &#8216;giustizia di prossimit\u00e0&#8217; che da decenni portiamo avanti&#8221;: questo l&#8217;accorato appello del presidente dell\u2019ordine provinciale degli avvocati, Fabio Cardone, che, questa mattina, nel corso della riunione che si \u00e8 tenuta presso la sede distaccata ingauna per scongiurare la chiusura della struttura a causa dei tagli decisi dal goveno Monti, ha fornito dati precisi su quella che \u00e8 la mole di lavoro che vien smaltita qui.<\/p>\n<p>&#8220;Il taglio significherebbe perdere un servizio per i cittadini. Questa \u00e8 un&#8217;istituzione per Albenga. Il territorio albenganese vede un alto intervento della criminalit\u00e0 e microcriminalit\u00e0 molto alto: ci\u00f2 incrementa la sua importanza&#8221; insiste Cardone. La sede distaccata ingauna smaltisce il doppio del lavoro delle strutture liguri simili (compreso il tribunale di Chiavari che, a quanto pare, non dovrebbe temere alcunch\u00e9 dai tagli) ed \u00e8 al 14esimo posto nella graduatoria nazionale per importanza.<\/p>\n","protected":false},"excerpt":{"rendered":"<p>&#8220;Il tribunale di Albenga \u00e8 una risorsa per il territorio e costituisce una modalit\u00e0 concreta per fornire un servizio ai cittadini. Un servizio di &#8216;giustizia di prossimit\u00e0&#8217; che da decenni portiamo avanti&#8221;: questo l&#8217;accorato appello del presidente dell\u2019ordine provinciale degli avvocati, Fabio Cardone, che, questa mattina, nel corso della riunione che si \u00e8 tenuta presso [&hellip;]<\/p>\n","protected":false},"author":13744,"featured_media":0,"comment_status":"open","ping_status":"closed","sticky":false,"template":"","format":"standard","meta":{"footnotes":""},"categories":[34,31],"tags":[85841,41122,2170,21842],"class_list":["post-219777","post","type-post","status-publish","format-standard","hentry","category-cronaca","category-politica","tag-albenga","tag-fabio-cardone","tag-tribunale","tag-tribunale-albenga","post_cat_citta-albenga"],"amp_validity":null,"amp_enabled":true,"_links":{"self":[{"href":"https:\/\/staging.ivg.it\/ediapi\/wp\/v2\/posts\/219777","targetHints":{"allow":["GET"]}}],"collection":[{"href":"https:\/\/staging.ivg.it\/ediapi\/wp\/v2\/posts"}],"about":[{"href":"https:\/\/staging.ivg.it\/ediapi\/wp\/v2\/types\/post"}],"author":[{"embeddable":true,"href":"https:\/\/staging.ivg.it\/ediapi\/wp\/v2\/users\/13744"}],"replies":[{"embeddable":true,"href":"https:\/\/staging.ivg.it\/ediapi\/wp\/v2\/comments?post=219777"}],"version-history":[{"count":0,"href":"https:\/\/staging.ivg.it\/ediapi\/wp\/v2\/posts\/219777\/revisions"}],"wp:attachment":[{"href":"https:\/\/staging.ivg.it\/ediapi\/wp\/v2\/media?parent=219777"}],"wp:term":[{"taxonomy":"category","embeddable":true,"href":"https:\/\/staging.ivg.it\/ediapi\/wp\/v2\/categories?post=219777"},{"taxonomy":"post_tag","embeddable":true,"href":"https:\/\/staging.ivg.it\/ediapi\/wp\/v2\/tags?post=219777"}],"curies":[{"name":"wp","href":"https:\/\/api.w.org\/{rel}","templated":true}]}}