{"id":219764,"date":"2012-06-25T12:03:43","date_gmt":"2012-06-25T10:03:43","guid":{"rendered":"http:\/\/www.ivg.it\/?p=219764"},"modified":"2012-06-25T17:27:17","modified_gmt":"2012-06-25T15:27:17","slug":"la-politica-si-unisce-in-difesa-del-tribunale-di-albenga-e-tra-le-sedi-piu-produttive-ditalia-non-morira","status":"publish","type":"post","link":"https:\/\/staging.ivg.it\/2012\/06\/la-politica-si-unisce-in-difesa-del-tribunale-di-albenga-e-tra-le-sedi-piu-produttive-ditalia-non-morira\/","title":{"rendered":"La politica si unisce in difesa del tribunale di Albenga: &#8220;E&#8217; tra le sedi pi\u00f9 produttive d&#8217;Italia, non morir\u00e0&#8221;"},"content":{"rendered":"<p><strong>Albenga.<\/strong> Nella graduatoria nazionale si piazza al 14esimo posto dal punto di vista della mole di lavoro, mentre a livello regionale smaltisce il doppio dei procedimenti rispetto a sedi come quella di Chiavari che, per\u00f2, quasi paradossalmente, potrebbe salvarsi dai tagli. Stiamo parlando del tribunale di Albenga che lotta per la sopravvivenza, in una battaglia bipartisan che, questa mattina, si \u00e8 concretizzata in un incontro, presso la sede ingauna, di politici di schieramenti opposti.<\/p>\n<p>Dal presidente della Provincia, Angelo Vaccarezza, ai colleghi di partito come i consiglieri regionali Pdl Roberta Gasco e Marco Melgrati; passando poi per esponenti del Pd, come Nino Miceli, per una riunione che ha visto sedere accanto anche l&#8217;attuale sindaco di Albenga, Rosy Guarnieri (Lega Nord) e l&#8217;ex primo cittadino Antonello Tabb\u00f2 (Pd). Tutti ad ascoltare i dati forniti dagli addetti ai lavori &#8211; presidente dell\u2019ordine provinciale degli avvocati Fabio Cardone in primis &#8211; e che parlano di una sede distaccata iper-produttiva, se paragonata con le altre 220 realt\u00e0 simili sparse per lo Stivale.<\/p>\n<p>&#8220;Oggi siamo in grande difficolt\u00e0 perch\u00e9 la legge delega che scade il 16 settembre \u00e8 stata rivista e l&#8217;asticella si \u00e8 alzata &#8211; esordisce Vaccarezza &#8211; Alzata perch\u00e9, dato che siamo di fronte ad un governo che agisce solo in vista di un risparmio di denaro e che ha visto la bocciatura della legge sulle intercettazioni che avrebbe portato effettivamente a questo obiettivo, ora deve tagliare di pi\u00f9. Quindi se il tribunale ingauno sar\u00e0 tagliato, ci\u00f2 accadr\u00e0 per il mancato passaggio della legge sulle intercettazioni&#8221;.<\/p>\n<p>&#8220;Ora, per\u00f2 devono spiegarci perch\u00e8, nella deroga, \u00e8 invece passato Chiavari &#8211; incalza il numero uno di Palazzo Nervi &#8211; E&#8217; accaduto, ci dicono, perch\u00e8, sono stati spesi 18 milioni di euro per la sua ristrutturazione. Peccato che, quando i soldi vengono spesi qui per la sede del Nucleo Elicotteristi di Villanova d&#8217;Albenga, gli stessi criteri non vengano applicati. Noi sosteniamo che non devono essere tagliate le sedi distaccate bens\u00ec i tribunali che hanno come dipendenti i magistrati che prendono stipendi lauti come i parlamentari, mentre realt\u00e0 come questa costano al massimo lo stipendio di due segretarie. Inoltre \u00e8 stata depositata in questi giorni in Commissione Senato dal Pdl la richiesta di deroga di un anno per la valutazione di quanto costerebbero i paventati accorpamenti: insomma, vogliamo sapere se Savona pu\u00f2 reggere la mole di lavoro di Albenga. Se non vi riuscisse, bisognerebbe affittare altri locali o procedere a ristrutturazioni altrettanto dispendiose. O forse di pi\u00f9&#8221;.<\/p>\n<p>&#8220;Questa \u00e8 una difesa bipartisan &#8211; agigunge il consigliere Gasco &#8211; per una struttura indispensabile per il territorio. Se Chiavari verr\u00e0 mantenuta e Albenga tagliata significa che non esiste il principio di meritocrazia. Albenga ha tutti i paramentri richiesti dal Ministero per restare aperto. Se si decidesse che tutte le sedi distaccate devono chiudere non potremmo che farcene una ragione, ma se cos\u00ec non \u00e8 il governo tecnico deve fare valutazioni, appunto, tecniche, e decidere sulla base dei numeri che, inequivocabilmente, promuovono il tribunale ingauno&#8221;.<\/p>\n<p>&#8220;E&#8217; dimostrato &#8211; concorda Melgrati &#8211; che non esiste risparmio in un taglio di questo tipo, senz aconsiderare il fatto che a Savona non ci sono spazi adeguati per ospitare i faldoni ingauni e, quindi, il costo sarebbe ancora superiore dal momento che bisognerebbe ampliare la sede savonese che, gi\u00e0 di per s\u00e8; \u00e8 una bruttura senza eguali. Questa \u00e8 una battaglia per difendere un servizio alla cittadinanza&#8221;.<\/p>\n<p>D&#8217;accordo anche Nino Miceli: &#8220;I numeri dicono che il tribunale albenganese \u00e8 tra i meglio piazzati a livello nazionale, trovandosi al 14esimo posto in graduatoria. Ha un carico di lavoro e un bacino d&#8217;utenza tali che debbono poterne consentire la prosecuzione. Ora la lotta deve investire i parlamentari&#8221;.<\/p>\n<p>Il futuro della sede giudiziaria albenganese, infatti, \u00e8 appeso a un filo e si giocher\u00e0 interamente nelle aule parlamentari chiamate a delineare la riforma della giustizia voluta dal ministro Paola Severino per ridurre i costi dell\u2019apparato pubblico.<\/p>\n","protected":false},"excerpt":{"rendered":"<p>Albenga. Nella graduatoria nazionale si piazza al 14esimo posto dal punto di vista della mole di lavoro, mentre a livello regionale smaltisce il doppio dei procedimenti rispetto a sedi come quella di Chiavari che, per\u00f2, quasi paradossalmente, potrebbe salvarsi dai tagli. Stiamo parlando del tribunale di Albenga che lotta per la sopravvivenza, in una battaglia [&hellip;]<\/p>\n","protected":false},"author":2620,"featured_media":0,"comment_status":"open","ping_status":"closed","sticky":false,"template":"","format":"standard","meta":{"footnotes":""},"categories":[31],"tags":[85841,2317,2328,2769,9061,2170,21842],"class_list":["post-219764","post","type-post","status-publish","format-standard","hentry","category-politica","tag-albenga","tag-angelo-vaccarezza","tag-marco-melgrati","tag-nino-miceli","tag-roberta-gasco","tag-tribunale","tag-tribunale-albenga","post_cat_citta-albenga"],"amp_validity":null,"amp_enabled":true,"_links":{"self":[{"href":"https:\/\/staging.ivg.it\/ediapi\/wp\/v2\/posts\/219764","targetHints":{"allow":["GET"]}}],"collection":[{"href":"https:\/\/staging.ivg.it\/ediapi\/wp\/v2\/posts"}],"about":[{"href":"https:\/\/staging.ivg.it\/ediapi\/wp\/v2\/types\/post"}],"author":[{"embeddable":true,"href":"https:\/\/staging.ivg.it\/ediapi\/wp\/v2\/users\/2620"}],"replies":[{"embeddable":true,"href":"https:\/\/staging.ivg.it\/ediapi\/wp\/v2\/comments?post=219764"}],"version-history":[{"count":0,"href":"https:\/\/staging.ivg.it\/ediapi\/wp\/v2\/posts\/219764\/revisions"}],"wp:attachment":[{"href":"https:\/\/staging.ivg.it\/ediapi\/wp\/v2\/media?parent=219764"}],"wp:term":[{"taxonomy":"category","embeddable":true,"href":"https:\/\/staging.ivg.it\/ediapi\/wp\/v2\/categories?post=219764"},{"taxonomy":"post_tag","embeddable":true,"href":"https:\/\/staging.ivg.it\/ediapi\/wp\/v2\/tags?post=219764"}],"curies":[{"name":"wp","href":"https:\/\/api.w.org\/{rel}","templated":true}]}}