{"id":219424,"date":"2012-06-19T15:04:09","date_gmt":"2012-06-19T13:04:09","guid":{"rendered":"http:\/\/www.ivg.it\/?p=219424"},"modified":"2012-06-19T15:04:09","modified_gmt":"2012-06-19T13:04:09","slug":"savona-accusato-di-aver-emesso-fatture-per-operazioni-inesistenti-assolto-titolare-di-concessionaria","status":"publish","type":"post","link":"https:\/\/staging.ivg.it\/2012\/06\/savona-accusato-di-aver-emesso-fatture-per-operazioni-inesistenti-assolto-titolare-di-concessionaria\/","title":{"rendered":"Savona, accusato di aver emesso fatture per operazioni inesistenti: assolto titolare di concessionaria"},"content":{"rendered":"<p><strong>Savona<\/strong>. Era finito a giudizio con l&#8217;accusa di aver evaso le imposte sul valore aggiunto grazie all&#8217;inserimento, nella dichiarazione dei redditi del 2007, di elementi passivi fittizi. Giovanni Falco, legale rappresentante della concessionaria &#8220;Bussalai&#8221; di Savona per\u00f2 questa mattina in tribunale \u00e8 stato assolto da ogni accusa (&#8220;perch\u00e9 il fatto non sussiste&#8221;). <\/p>\n<p>Nel corso del processo infatti non \u00e8 emersa con certezza la prova che le operazioni contestate fossero davvero inesistenti: l&#8217;imputato ha anche fornito spiegazioni sui vari pagamenti che, secondo l&#8217;accusa, erano stati inseriti nella dichiarazione per frodare il Fisco. La denuncia per Falco (al quale veniva contestata l&#8217;evasione di Iva per circa 36 mila euro) era arrivata in seguito ad un controllo fatto nel marzo del 2010. <\/p>\n","protected":false},"excerpt":{"rendered":"<p>Savona. Era finito a giudizio con l&#8217;accusa di aver evaso le imposte sul valore aggiunto grazie all&#8217;inserimento, nella dichiarazione dei redditi del 2007, di elementi passivi fittizi. Giovanni Falco, legale rappresentante della concessionaria &#8220;Bussalai&#8221; di Savona per\u00f2 questa mattina in tribunale \u00e8 stato assolto da ogni accusa (&#8220;perch\u00e9 il fatto non sussiste&#8221;). Nel corso del [&hellip;]<\/p>\n","protected":false},"author":2394,"featured_media":0,"comment_status":"open","ping_status":"closed","sticky":false,"template":"","format":"standard","meta":{"footnotes":""},"categories":[34],"tags":[2299,20291,85850],"class_list":["post-219424","post","type-post","status-publish","format-standard","hentry","category-cronaca","tag-assoluzione","tag-bussalai","tag-savona","post_cat_citta-savona"],"amp_validity":null,"amp_enabled":true,"_links":{"self":[{"href":"https:\/\/staging.ivg.it\/ediapi\/wp\/v2\/posts\/219424","targetHints":{"allow":["GET"]}}],"collection":[{"href":"https:\/\/staging.ivg.it\/ediapi\/wp\/v2\/posts"}],"about":[{"href":"https:\/\/staging.ivg.it\/ediapi\/wp\/v2\/types\/post"}],"author":[{"embeddable":true,"href":"https:\/\/staging.ivg.it\/ediapi\/wp\/v2\/users\/2394"}],"replies":[{"embeddable":true,"href":"https:\/\/staging.ivg.it\/ediapi\/wp\/v2\/comments?post=219424"}],"version-history":[{"count":0,"href":"https:\/\/staging.ivg.it\/ediapi\/wp\/v2\/posts\/219424\/revisions"}],"wp:attachment":[{"href":"https:\/\/staging.ivg.it\/ediapi\/wp\/v2\/media?parent=219424"}],"wp:term":[{"taxonomy":"category","embeddable":true,"href":"https:\/\/staging.ivg.it\/ediapi\/wp\/v2\/categories?post=219424"},{"taxonomy":"post_tag","embeddable":true,"href":"https:\/\/staging.ivg.it\/ediapi\/wp\/v2\/tags?post=219424"}],"curies":[{"name":"wp","href":"https:\/\/api.w.org\/{rel}","templated":true}]}}