{"id":219147,"date":"2012-06-14T20:14:26","date_gmt":"2012-06-14T18:14:26","guid":{"rendered":"http:\/\/www.ivg.it\/?p=219147"},"modified":"2012-06-14T20:40:57","modified_gmt":"2012-06-14T18:40:57","slug":"scuole-di-finalborgo-la-soddisfazione-di-viva-finale-confronto-sulluso-della-palestra-rivetti","status":"publish","type":"post","link":"https:\/\/staging.ivg.it\/2012\/06\/scuole-di-finalborgo-la-soddisfazione-di-viva-finale-confronto-sulluso-della-palestra-rivetti\/","title":{"rendered":"Scuole di Finalborgo, la soddisfazione di &#8220;Viva Finale&#8221;: confronto sull&#8217;uso della palestra Rivetti"},"content":{"rendered":"<p><strong>Finale L.<\/strong> Il movimento civico &#8216;Finale Ligure Viva&#8217; esprime grande soddisfazione per l&#8217;esito del voto sulla mozione del suo consigliere Sergio Colombo. Con 9 voti favorevoli 6 contrari e 5 astenuti le scuole elementari Celesia per ora non verranno spostate dal rione del Borgo.<\/p>\n<p>&#8220;Dopo aver messo in atto diversi tentativi per convincere il nostro consigliere a ritirare la mozione, la maggioranza si \u00e8 vista costretta al voto dimostrando per l&#8217;ennesima volta la sua fragilit\u00e0 e la sua divisione interna. Certi di aver agito negli interessi della comunit\u00e0, sperando di aver dato dimostrazione di seriet\u00e0 e coerenza, ci siamo impegnati a mantenere lo status quo senza repentine decisioni non condivise&#8221;. <\/p>\n<p>&#8220;Siamo consapevoli di aver compiuto solo un primo passo verso la soluzione della questione. Ancora una volta importanti decisioni devono essere prese in tempi strettissimi per errate programmazioni dell&#8217;amministrazione. Ci rendiamo conto che cos\u00ec facendo non si possono ottenere le soluzioni migliori, ma solo le pi\u00f9 accettabili. La gestione amministrativa, cos\u00ec frammentata, della attuale giunta sta creando continuamente situazioni che rendendo ancora pi\u00f9 difficile il compito di chi vuole agire per dare risposte equilibrate e vantaggiose per tutti visto che in tempi brevissimi  si possono solo fare danni, come riteniamo sia l&#8217;utilizzo della palestra Rivetti come contenitore di aule&#8221;.<\/p>\n<p>&#8220;Ora auspichiamo l&#8217;apertura di un tavolo con tutti gli attori, dai cittadini, agli insegnanti, alle societ\u00e0 sportive se di palestra si deve parlare, alla Provincia e gli organi scolastici e politici preposti, per una volta che si provi ad amministrare la &#8220;cosa pubblica&#8221; come una cosa pubblica non ci si chiuda tra quattrro muri in silenzio e segretezza, non c&#8217;\u00e8 nessun nemico che ascolta e la guerra \u00e8 finita&#8221; conclude la nota.<\/p>\n","protected":false},"excerpt":{"rendered":"<p>Finale L. Il movimento civico &#8216;Finale Ligure Viva&#8217; esprime grande soddisfazione per l&#8217;esito del voto sulla mozione del suo consigliere Sergio Colombo. Con 9 voti favorevoli 6 contrari e 5 astenuti le scuole elementari Celesia per ora non verranno spostate dal rione del Borgo. &#8220;Dopo aver messo in atto diversi tentativi per convincere il nostro [&hellip;]<\/p>\n","protected":false},"author":13744,"featured_media":0,"comment_status":"open","ping_status":"closed","sticky":false,"template":"","format":"standard","meta":{"footnotes":""},"categories":[],"tags":[209,689],"class_list":["post-219147","post","type-post","status-publish","format-standard","hentry","tag-finale","tag-scuole","post_cat_citta-andora","post_cat_citta-finale-ligure"],"amp_validity":null,"amp_enabled":true,"_links":{"self":[{"href":"https:\/\/staging.ivg.it\/ediapi\/wp\/v2\/posts\/219147","targetHints":{"allow":["GET"]}}],"collection":[{"href":"https:\/\/staging.ivg.it\/ediapi\/wp\/v2\/posts"}],"about":[{"href":"https:\/\/staging.ivg.it\/ediapi\/wp\/v2\/types\/post"}],"author":[{"embeddable":true,"href":"https:\/\/staging.ivg.it\/ediapi\/wp\/v2\/users\/13744"}],"replies":[{"embeddable":true,"href":"https:\/\/staging.ivg.it\/ediapi\/wp\/v2\/comments?post=219147"}],"version-history":[{"count":0,"href":"https:\/\/staging.ivg.it\/ediapi\/wp\/v2\/posts\/219147\/revisions"}],"wp:attachment":[{"href":"https:\/\/staging.ivg.it\/ediapi\/wp\/v2\/media?parent=219147"}],"wp:term":[{"taxonomy":"category","embeddable":true,"href":"https:\/\/staging.ivg.it\/ediapi\/wp\/v2\/categories?post=219147"},{"taxonomy":"post_tag","embeddable":true,"href":"https:\/\/staging.ivg.it\/ediapi\/wp\/v2\/tags?post=219147"}],"curies":[{"name":"wp","href":"https:\/\/api.w.org\/{rel}","templated":true}]}}