{"id":218536,"date":"2012-06-06T08:16:09","date_gmt":"2012-06-06T06:16:09","guid":{"rendered":"http:\/\/www.ivg.it\/?p=218536"},"modified":"2012-06-06T08:16:09","modified_gmt":"2012-06-06T06:16:09","slug":"urbe-seminario-europeo-coinvolti-cinque-licei-liguri","status":"publish","type":"post","link":"https:\/\/staging.ivg.it\/2012\/06\/urbe-seminario-europeo-coinvolti-cinque-licei-liguri\/","title":{"rendered":"Urbe, seminario &#8220;europeo&#8221;: coinvolti cinque licei liguri"},"content":{"rendered":"<p><strong>Urbe.<\/strong> L&#8217;Aiccre &#8211; Liguria, associazione che raggruppa le amministrazioni locali aderenti al Consiglio dei Comuni e delle Regioni d&#8217;Europa, e il Comune di Urbe in qualit\u00e0 di socio, in collaborazione con il Movimento Federalista Europeo e l&#8217;Ufficio di Milano del Parlamento Europeo, ospiter\u00e0 a Urbe venti ragazze e ragazzi selezionati, provenienti da 5 licei e istituti superiori delle quattro province liguri, per tre giorni dal 12 al 14 giugno prossimi in uno stage intitolato &#8220;Una vita senza guerre: l&#8217;Europa Unita per la Pace&#8221; dedicato alla figura di Altiero Spinelli e mirato a far conoscere la storia e le istituzioni dell&#8217;Unione Europea.<\/p>\n<p>Lo stage, organizzato da Desi Slivar dell&#8217;Aiccre Liguria, sar\u00e0 condotto dalla professoressa Loredana Caruso seguendo il metodo dall&#8217;apprendimento cooperativo (cooperative learning). Si tratta del primo esperimento in Italia di un seminario sui temi europei organizzato con questa modalit\u00e0. L&#8217;Aiccre Liguria si pone cos\u00ec all&#8217;avanguardia nella diffusione della cultura federalista europea fra i giovani. Il Parlamento Europeo invier\u00e0 un osservatore per verificare la possibilit\u00e0 di ripetere l&#8217;esperimento nei prossimi anni e in altre regioni.  <\/p>\n","protected":false},"excerpt":{"rendered":"<p>Urbe. L&#8217;Aiccre &#8211; Liguria, associazione che raggruppa le amministrazioni locali aderenti al Consiglio dei Comuni e delle Regioni d&#8217;Europa, e il Comune di Urbe in qualit\u00e0 di socio, in collaborazione con il Movimento Federalista Europeo e l&#8217;Ufficio di Milano del Parlamento Europeo, ospiter\u00e0 a Urbe venti ragazze e ragazzi selezionati, provenienti da 5 licei e [&hellip;]<\/p>\n","protected":false},"author":13744,"featured_media":0,"comment_status":"open","ping_status":"closed","sticky":false,"template":"","format":"standard","meta":{"footnotes":""},"categories":[],"tags":[880,2618,85955],"class_list":["post-218536","post","type-post","status-publish","format-standard","hentry","tag-seminari","tag-unione-europea","tag-urbe","post_cat_citta-urbe"],"amp_validity":null,"amp_enabled":true,"_links":{"self":[{"href":"https:\/\/staging.ivg.it\/ediapi\/wp\/v2\/posts\/218536","targetHints":{"allow":["GET"]}}],"collection":[{"href":"https:\/\/staging.ivg.it\/ediapi\/wp\/v2\/posts"}],"about":[{"href":"https:\/\/staging.ivg.it\/ediapi\/wp\/v2\/types\/post"}],"author":[{"embeddable":true,"href":"https:\/\/staging.ivg.it\/ediapi\/wp\/v2\/users\/13744"}],"replies":[{"embeddable":true,"href":"https:\/\/staging.ivg.it\/ediapi\/wp\/v2\/comments?post=218536"}],"version-history":[{"count":0,"href":"https:\/\/staging.ivg.it\/ediapi\/wp\/v2\/posts\/218536\/revisions"}],"wp:attachment":[{"href":"https:\/\/staging.ivg.it\/ediapi\/wp\/v2\/media?parent=218536"}],"wp:term":[{"taxonomy":"category","embeddable":true,"href":"https:\/\/staging.ivg.it\/ediapi\/wp\/v2\/categories?post=218536"},{"taxonomy":"post_tag","embeddable":true,"href":"https:\/\/staging.ivg.it\/ediapi\/wp\/v2\/tags?post=218536"}],"curies":[{"name":"wp","href":"https:\/\/api.w.org\/{rel}","templated":true}]}}