{"id":218454,"date":"2012-06-05T09:43:36","date_gmt":"2012-06-05T07:43:36","guid":{"rendered":"http:\/\/www.ivg.it\/?p=218454"},"modified":"2012-06-05T15:15:29","modified_gmt":"2012-06-05T13:15:29","slug":"albissola-il-lungomare-degli-artisti-ripulito-dai-volontari-acqua-e-spazzoloni-contro-degrado-e-incivilta","status":"publish","type":"post","link":"https:\/\/staging.ivg.it\/2012\/06\/albissola-il-lungomare-degli-artisti-ripulito-dai-volontari-acqua-e-spazzoloni-contro-degrado-e-incivilta\/","title":{"rendered":"Albissola, il lungomare degli Artisti ripulito dai volontari: acqua e spazzoloni contro degrado e incivilt\u00e0"},"content":{"rendered":"<p><strong>Albissola M.<\/strong> Il vice sindaco di Albissola Marina, Gianluca Nasuti, la definisce &#8220;un ingresso alla genovese a cielo aperto&#8221;. E in effetti, il lungomare della cittadina rivierasca \u00e8 uno spettacolare mosaico colorato di oltre quattro milioni di piastrelline che hanno trasformato e colorato la &#8220;promenade&#8221; in una delle passeggiate pi\u00f9 belle e preziose del contesto europeo, guadagnandosi di diritto il titolo di opera d\u2019arte unica al mondo.<\/p>\n<p>Un patrimonio da tutelare, insomma, e che questa mattina \u00e8 stato invaso da una squadra di volontari, capitanati dagli stabilimenti balneari albissolesi e dal personale comunale, che, armati di scope, attrezzi ad hoc e tanta volont\u00e0, si sono adoperati nella pulizia del prezioso lungomare.<\/p>\n<p>&#8220;Un&#8217;opera di decoro diffuso insomma &#8211; esordisce Nasuti &#8211; La nostra passeggiata \u00e8 un bene importante, ma d\u00e0 dei problemi dal punto di vista della pulizia: l&#8217;idea \u00e8 stata quella di coinvolgere i cittadini in un&#8217;operazione pi\u00f9 &#8216;decisa&#8217;. In questo caso il Comune non ha grandi meriti, ma si limita a coordinare le iniziative e segnalazioni che arrivano dagli albissolesi. Che la passeggiata sia sporca \u00e8 un dato oggettivo: oggi si procede ad una pulizia pi\u00f9 approfondita, che coinvolge i cittadini nella conservazione di un bene di tutti&#8221;.<\/p>\n<p>I volontari iniziano il loro lavoro sotto le indicazioni di chi fa le veci di coordinatore: &#8220;Allora, bisogna dividersi in modo da coprire almeno pannelli artistici &#8211; sono le direttive del &#8220;capo cantiere&#8221; &#8211; e togliere innanzitutto le gomme da masticare. Poi, una lavata rigorosamente senza prodotti chimici per non danneggiare le piastrelle e per non inquinare, e infine, con gli spazzoloni, ci concentriamo sulle aree pi\u00f9 sporche, ossia quelle in corrispondenza di strada e alberi&#8221;.<\/p>\n<p>Pronti via, dunque. I cittadini si mettono al lavoro. &#8220;Lo faccio perch\u00e9 sono una persona civile e mi piace lavorare contro gli incivili&#8221; dice Antonio Richeri, presidente del Circolo degli Artisti. &#8220;Io invece sono qui perch\u00e9 sono di Albissola e voglio il bene della passeggiata&#8221; aggiunge un cittadino-volontario.<\/p>\n<p>Passeggiando sul Lungomare degli Artisti \u00e8 possibile ammirare il segno lasciato dai pi\u00f9 importanti artisti che hanno operato ad Albissola a cavallo degli anni Cinquanta e Sessanta.<\/p>\n<p>Si tratta di 27 pannelli, intervallati da strisce di colore bianco azzurro, ideati e firmati da figure di spicco della seconda generazione futurista, tra cui Gambetta, Rossello, Sabatelli, Franchini, Crippa, Garelli, Jorn, De Salvo, Siri, Fontana, Lam, Luzzati, Rambaldi, Quattrini, Strada, Salino, Fabbri, Porc\u00f9, Caldanzano, Capogrossi, Sassu. Il risultato finale \u00e8 un unico mosaico di quasi un chilometro di lunghezza.<\/p>\n<p>Camminando sul Lungomare \u00e8 inoltre possibile ammirare altre numerose opere d\u2019arte, come le \u201cNature\u201d di Lucio Fontana ed il \u201cMonumento ai Caduti di Tutte le Guerre\u201d di Leonardo Leoncillo, mentre nel sottopassaggio di Piazza del Popolo si possono apprezzare diversi pannelli ceramici realizzati da Ansgar Elde e Carlos Carl\u00e8. L\u2019opera \u00e8 stata completamente restaurata nel 2000 a cura del Comune di Albissola Marina, su progetto dell\u2019Ufficio Tecnico Comunale, e ogni pannello \u00e8 stato corredato da una scheda con informazioni riguardanti il pannello stesso ed il suo autore.<\/p>\n","protected":false},"excerpt":{"rendered":"<p>Albissola M. Il vice sindaco di Albissola Marina, Gianluca Nasuti, la definisce &#8220;un ingresso alla genovese a cielo aperto&#8221;. E in effetti, il lungomare della cittadina rivierasca \u00e8 uno spettacolare mosaico colorato di oltre quattro milioni di piastrelline che hanno trasformato e colorato la &#8220;promenade&#8221; in una delle passeggiate pi\u00f9 belle e preziose del contesto [&hellip;]<\/p>\n","protected":false},"author":13744,"featured_media":0,"comment_status":"open","ping_status":"closed","sticky":false,"template":"","format":"standard","meta":{"footnotes":""},"categories":[56,34],"tags":[699,12833,26723,13139],"class_list":["post-218454","post","type-post","status-publish","format-standard","hentry","category-altre","category-cronaca","tag-albissola","tag-decoro-urbano","tag-gianluca-nasuti","tag-passeggiata-artisti","post_cat_citta-albissola-marina"],"amp_validity":null,"amp_enabled":true,"_links":{"self":[{"href":"https:\/\/staging.ivg.it\/ediapi\/wp\/v2\/posts\/218454","targetHints":{"allow":["GET"]}}],"collection":[{"href":"https:\/\/staging.ivg.it\/ediapi\/wp\/v2\/posts"}],"about":[{"href":"https:\/\/staging.ivg.it\/ediapi\/wp\/v2\/types\/post"}],"author":[{"embeddable":true,"href":"https:\/\/staging.ivg.it\/ediapi\/wp\/v2\/users\/13744"}],"replies":[{"embeddable":true,"href":"https:\/\/staging.ivg.it\/ediapi\/wp\/v2\/comments?post=218454"}],"version-history":[{"count":0,"href":"https:\/\/staging.ivg.it\/ediapi\/wp\/v2\/posts\/218454\/revisions"}],"wp:attachment":[{"href":"https:\/\/staging.ivg.it\/ediapi\/wp\/v2\/media?parent=218454"}],"wp:term":[{"taxonomy":"category","embeddable":true,"href":"https:\/\/staging.ivg.it\/ediapi\/wp\/v2\/categories?post=218454"},{"taxonomy":"post_tag","embeddable":true,"href":"https:\/\/staging.ivg.it\/ediapi\/wp\/v2\/tags?post=218454"}],"curies":[{"name":"wp","href":"https:\/\/api.w.org\/{rel}","templated":true}]}}