{"id":218415,"date":"2012-06-04T15:52:20","date_gmt":"2012-06-04T13:52:20","guid":{"rendered":"http:\/\/www.ivg.it\/?p=218415"},"modified":"2012-06-04T15:52:20","modified_gmt":"2012-06-04T13:52:20","slug":"banca-carige-berneschi-crisi-lavoro-emergenza-irrisolta","status":"publish","type":"post","link":"https:\/\/staging.ivg.it\/2012\/06\/banca-carige-berneschi-crisi-lavoro-emergenza-irrisolta\/","title":{"rendered":"Banca Carige, Berneschi: &#8220;Crisi lavoro emergenza irrisolta&#8221;"},"content":{"rendered":"<p><strong>Regione<\/strong>. &#8220;La creazione di posti di lavoro per i giovani \u00e8 una priorit\u00e0 nazionale irrisolta. Avrei speso qualche soldo in pi\u00f9 nella riforma del lavoro&#8221;. Lo ha detto il presidente di Banca Carige Giovanni Berneschi oggi a Genova al convegno &#8220;Il sistema delle banche e il mercato del lavoro&#8221;. &#8220;Tutti parlano di lavoro ma non vedo soluzioni concrete.<\/p>\n<p>Per la crisi del &#8217;29 l&#8217;Italia cre\u00f2 l&#8217;Iri, l&#8217;Imi, la Banca d&#8217;Italia. Se oggi non creiamo di nuovo le condizioni per creare lavoro, non usciremo mai dalla crisi&#8221;. &#8220;I giovani in Italia non sanno pi\u00f9 cosa fare, non si iscrivono nemmeno pi\u00f9 all&#8217;universit\u00e0&#8221;.<\/p>\n","protected":false},"excerpt":{"rendered":"<p>Regione. &#8220;La creazione di posti di lavoro per i giovani \u00e8 una priorit\u00e0 nazionale irrisolta. Avrei speso qualche soldo in pi\u00f9 nella riforma del lavoro&#8221;. Lo ha detto il presidente di Banca Carige Giovanni Berneschi oggi a Genova al convegno &#8220;Il sistema delle banche e il mercato del lavoro&#8221;. &#8220;Tutti parlano di lavoro ma non [&hellip;]<\/p>\n","protected":false},"author":13744,"featured_media":0,"comment_status":"open","ping_status":"closed","sticky":false,"template":"","format":"standard","meta":{"footnotes":""},"categories":[35],"tags":[2353,2403,595,11613],"class_list":["post-218415","post","type-post","status-publish","format-standard","hentry","category-economia","tag-banca","tag-carige","tag-crisi","tag-giovanni-berneschi","post_cat_citta-andora"],"amp_validity":null,"amp_enabled":true,"_links":{"self":[{"href":"https:\/\/staging.ivg.it\/ediapi\/wp\/v2\/posts\/218415","targetHints":{"allow":["GET"]}}],"collection":[{"href":"https:\/\/staging.ivg.it\/ediapi\/wp\/v2\/posts"}],"about":[{"href":"https:\/\/staging.ivg.it\/ediapi\/wp\/v2\/types\/post"}],"author":[{"embeddable":true,"href":"https:\/\/staging.ivg.it\/ediapi\/wp\/v2\/users\/13744"}],"replies":[{"embeddable":true,"href":"https:\/\/staging.ivg.it\/ediapi\/wp\/v2\/comments?post=218415"}],"version-history":[{"count":0,"href":"https:\/\/staging.ivg.it\/ediapi\/wp\/v2\/posts\/218415\/revisions"}],"wp:attachment":[{"href":"https:\/\/staging.ivg.it\/ediapi\/wp\/v2\/media?parent=218415"}],"wp:term":[{"taxonomy":"category","embeddable":true,"href":"https:\/\/staging.ivg.it\/ediapi\/wp\/v2\/categories?post=218415"},{"taxonomy":"post_tag","embeddable":true,"href":"https:\/\/staging.ivg.it\/ediapi\/wp\/v2\/tags?post=218415"}],"curies":[{"name":"wp","href":"https:\/\/api.w.org\/{rel}","templated":true}]}}