{"id":218042,"date":"2012-05-29T11:11:20","date_gmt":"2012-05-29T09:11:20","guid":{"rendered":"http:\/\/www.ivg.it\/?p=218042"},"modified":"2012-05-29T16:51:43","modified_gmt":"2012-05-29T14:51:43","slug":"terremoto-federico-grasso-arpal-liguria","status":"publish","type":"post","link":"https:\/\/staging.ivg.it\/2012\/05\/terremoto-federico-grasso-arpal-liguria\/","title":{"rendered":"Open day Arpal a Savona, Federico Grasso: &#8220;Sciame sismico qui si avverte solo per propagazione&#8221;"},"content":{"rendered":"<p><strong>Savona<\/strong>. L&#8217;open day savonese dell&#8217;Arpal permette di conoscere direttamente strumentazioni e metodologie per l&#8217;analisi e la protezione ambientale. Inevitabilmente per\u00f2, questa mattina, tiene banco l&#8217;interesse per il terremoto che \u00e8 tornato a flagellare l&#8217;Emilia e che suscita apprensione tra i semplici cittadini anche in Liguria.<\/p>\n<p>Federico Grasso dell&#8217;Arpal spiega: &#8220;Lo sciame sismico che sta attraversando il Nord Italia \u00e8 dovuto a un naturale slittamento degli Appennini che tendono a spostarsi verso la pianura padana. Tutta questa zona di faglie ha causato uno sciame di scosse che in alcuni casi verranno avvertite dalla popolazione, in altri casi no. I colleghi geologi ci confermano l&#8217;assoluta normalit\u00e0 di questo fenomeno che proseguir\u00e0 fin quando non si sar\u00e0 equilibrata tutta la situazione che interessa gli Appennini e la pianura padana. Quindi non sappiamo ancora per quanto tempo&#8221;.<\/p>\n<p>&#8220;Interessa tutto il Nord Italia perch\u00e9 sono in gioco grandi quantit\u00e0 di energia vista la dimensione delle zolle. Poi dipende dalla tipologia di terreno e da come si propagano queste scosse nel terreno stesso &#8211; prosegue &#8211; La scossa principale \u00e8 quella che \u00e8 avvenuta qualche giorno fa, quindi le altre saranno inferiori&#8221;.<\/p>\n<p>&#8220;Il sistema di faglie interessato ha il suo epicentro nella zona tra l&#8217;Appennino e la pianura padana. Quello che sentiamo qua \u00e8 semplicemente il propagarsi di queste scosse che si diffondono nel terreno e a seconda della tipologia di suolo che incontrano sul loro cammino accentuano o meno gli effetti del terremoto. Lo spostamento vero e proprio sta avvenendo in Emilia Romagna&#8221; sottolinea Federico Grasso.<\/p>\n<p>&#8220;Sono simili alle onde sonore, che si propagano nei corpi solidi fino a raggiungere l&#8217;orecchio dell&#8217;ascoltatore&#8221; aggiunge l&#8217;esperto dell&#8217;Arpal, che invita a mettere in atto alcuni comportamenti di sicurezza: &#8220;Ci sono alcune misure di autoprotezione che \u00e8 bene conoscere e adottare. Quando si avvertono certe tipologie di scosse piuttosto intense conviene cercare di spostarsi sotto i tavoli o sotto gli architravi delle porte, vicino ai muri portanti, e poi, appena possibile, lasciare l&#8217;edificio senza usare l&#8217;ascensore&#8221;.<\/p>\n","protected":false},"excerpt":{"rendered":"<p>Savona. L&#8217;open day savonese dell&#8217;Arpal permette di conoscere direttamente strumentazioni e metodologie per l&#8217;analisi e la protezione ambientale. Inevitabilmente per\u00f2, questa mattina, tiene banco l&#8217;interesse per il terremoto che \u00e8 tornato a flagellare l&#8217;Emilia e che suscita apprensione tra i semplici cittadini anche in Liguria. Federico Grasso dell&#8217;Arpal spiega: &#8220;Lo sciame sismico che sta attraversando [&hellip;]<\/p>\n","protected":false},"author":13744,"featured_media":0,"comment_status":"open","ping_status":"closed","sticky":false,"template":"","format":"standard","meta":{"footnotes":""},"categories":[],"tags":[1540,85850,8471,3040],"class_list":["post-218042","post","type-post","status-publish","format-standard","hentry","tag-arpal","tag-savona","tag-sisma","tag-terremoto","post_cat_citta-savona"],"amp_validity":null,"amp_enabled":true,"_links":{"self":[{"href":"https:\/\/staging.ivg.it\/ediapi\/wp\/v2\/posts\/218042","targetHints":{"allow":["GET"]}}],"collection":[{"href":"https:\/\/staging.ivg.it\/ediapi\/wp\/v2\/posts"}],"about":[{"href":"https:\/\/staging.ivg.it\/ediapi\/wp\/v2\/types\/post"}],"author":[{"embeddable":true,"href":"https:\/\/staging.ivg.it\/ediapi\/wp\/v2\/users\/13744"}],"replies":[{"embeddable":true,"href":"https:\/\/staging.ivg.it\/ediapi\/wp\/v2\/comments?post=218042"}],"version-history":[{"count":0,"href":"https:\/\/staging.ivg.it\/ediapi\/wp\/v2\/posts\/218042\/revisions"}],"wp:attachment":[{"href":"https:\/\/staging.ivg.it\/ediapi\/wp\/v2\/media?parent=218042"}],"wp:term":[{"taxonomy":"category","embeddable":true,"href":"https:\/\/staging.ivg.it\/ediapi\/wp\/v2\/categories?post=218042"},{"taxonomy":"post_tag","embeddable":true,"href":"https:\/\/staging.ivg.it\/ediapi\/wp\/v2\/tags?post=218042"}],"curies":[{"name":"wp","href":"https:\/\/api.w.org\/{rel}","templated":true}]}}