{"id":217941,"date":"2012-05-28T09:40:31","date_gmt":"2012-05-28T07:40:31","guid":{"rendered":"http:\/\/www.ivg.it\/?p=217941"},"modified":"2012-05-28T11:57:48","modified_gmt":"2012-05-28T09:57:48","slug":"calcio-pulcini-misti-la-veloce-si-aggiudica-il-memorial-bosco-di-garessio","status":"publish","type":"post","link":"https:\/\/staging.ivg.it\/2012\/05\/calcio-pulcini-misti-la-veloce-si-aggiudica-il-memorial-bosco-di-garessio\/","title":{"rendered":"Calcio, Pulcini misti: la Veloce si aggiudica il &#8220;Memorial Bosco&#8221; di Garessio"},"content":{"rendered":"<p><strong>Savona<\/strong>. Il ricordo di Luciano Bosco, indimenticabile mister delle giovanili del Garessio, \u00e8 stato onorato nel migliore dei modi con un torneo riservato ai Pulcini misti al &#8220;Barberis&#8221;, stadio del Comune cuneese.<\/p>\n<p>Tredici squadre e grande agonismo sui tre campi allestiti nell&#8217;impianto sportivo garessino e organizzazione perfetta a cura della Sportiva. Ad aggiudicarsi il 4\u00b0 &#8220;Memorial Bosco&#8221; al termine di una lunga giornata di gare \u00e8 stata la Veloce di Savona che ha preceduto l&#8217;Albese, il Carr\u00f9-Magliano &#8220;A&#8221; e il Trinit\u00e0 Eagle Boys, quindi il Calizzano-Bardineto-Murialdo, il Carr\u00f9-Magliano &#8220;B&#8221; ed a seguire le due formazioni del Gem Busca e della Sport-Time Farigliano, Ormea e Garessio.<\/p>\n<p>I premi speciali sono stati assegnati al miglior giocatore Romeo Giovannini (Veloce), al capocannoniere Stefano Zoppi (Veloce), al miglior portiere Alessio Chiera (Carr\u00f9-Magliano), a Matilde D&#8217;Addio (Albese, premio fairplay) ed al pi\u00f9 piccolo in campo Marko Ivanov (Sport-Time Farigliano).<\/p>\n<p>Domenica 3 giugno il secondo torneo giovanile di Garessio, il 3\u00b0 &#8220;Memorial Sergio Calzia&#8221;: in campo sette squadre di Piccoli Amici e sei di Esordienti misti.<\/p>\n<p><em>Nelle foto<\/em>: Noemi, nipote di Luciano, premia la Veloce; i premi speciali ai due savonesi; la premiazione del Calizzano; le foto di squadra di Veloce e Calizzano.<\/p>\n","protected":false},"excerpt":{"rendered":"<p>Savona. Il ricordo di Luciano Bosco, indimenticabile mister delle giovanili del Garessio, \u00e8 stato onorato nel migliore dei modi con un torneo riservato ai Pulcini misti al &#8220;Barberis&#8221;, stadio del Comune cuneese. Tredici squadre e grande agonismo sui tre campi allestiti nell&#8217;impianto sportivo garessino e organizzazione perfetta a cura della Sportiva. Ad aggiudicarsi il 4\u00b0 [&hellip;]<\/p>\n","protected":false},"author":13744,"featured_media":0,"comment_status":"open","ping_status":"closed","sticky":false,"template":"","format":"standard","meta":{"footnotes":""},"categories":[32],"tags":[85989,85889,8928,23819,681],"class_list":["post-217941","post","type-post","status-publish","format-standard","hentry","category-sport","tag-calcio","tag-calizzano","tag-garessio","tag-pulcini-misti","tag-veloce","post_cat_citta-bardineto","post_cat_citta-calizzano","post_cat_citta-murialdo","post_cat_citta-savona"],"amp_validity":null,"amp_enabled":true,"_links":{"self":[{"href":"https:\/\/staging.ivg.it\/ediapi\/wp\/v2\/posts\/217941","targetHints":{"allow":["GET"]}}],"collection":[{"href":"https:\/\/staging.ivg.it\/ediapi\/wp\/v2\/posts"}],"about":[{"href":"https:\/\/staging.ivg.it\/ediapi\/wp\/v2\/types\/post"}],"author":[{"embeddable":true,"href":"https:\/\/staging.ivg.it\/ediapi\/wp\/v2\/users\/13744"}],"replies":[{"embeddable":true,"href":"https:\/\/staging.ivg.it\/ediapi\/wp\/v2\/comments?post=217941"}],"version-history":[{"count":0,"href":"https:\/\/staging.ivg.it\/ediapi\/wp\/v2\/posts\/217941\/revisions"}],"wp:attachment":[{"href":"https:\/\/staging.ivg.it\/ediapi\/wp\/v2\/media?parent=217941"}],"wp:term":[{"taxonomy":"category","embeddable":true,"href":"https:\/\/staging.ivg.it\/ediapi\/wp\/v2\/categories?post=217941"},{"taxonomy":"post_tag","embeddable":true,"href":"https:\/\/staging.ivg.it\/ediapi\/wp\/v2\/tags?post=217941"}],"curies":[{"name":"wp","href":"https:\/\/api.w.org\/{rel}","templated":true}]}}