{"id":217758,"date":"2012-05-24T17:31:24","date_gmt":"2012-05-24T15:31:24","guid":{"rendered":"http:\/\/www.ivg.it\/?p=217758"},"modified":"2012-05-25T11:29:59","modified_gmt":"2012-05-25T09:29:59","slug":"direttiva-bolkestein-borgo-sib-sono-passati-tre-mesi-dalle-promesse-del-governo","status":"publish","type":"post","link":"https:\/\/staging.ivg.it\/2012\/05\/direttiva-bolkestein-borgo-sib-sono-passati-tre-mesi-dalle-promesse-del-governo\/","title":{"rendered":"Direttiva Bolkestein, Borgo (Sib): &#8220;Sono passati tre mesi dalle promesse del governo&#8221;"},"content":{"rendered":"<p><strong>Bergeggi<\/strong>. Prove di sole per l&#8217;avvio della stagione balneare, sinora penalizzata dai capricci del meteo. &#8220;Oggi il tempo ci concede la prima giornata estiva, dopo le tribolazioni dal primo maggio in poi e nei fine settimana soprattutto. Purtroppo, pur essendo partiti lancia in resta con l&#8217;entusiasmo di sempre, la stagione non ha sorriso. Ovviamente la crisi economica generale incide, cos\u00ec \u00e8 proprio delle nostre aziende dover affrontare, come tutte, questo momento&#8221; commenta Riccardo Borgo, sindaco di Bergeggi e titolare dei bagni &#8220;La Bussola&#8221;.<\/p>\n<p>Borgo, come portavoce del Sindacato Italiano Balneari, torna a puntare il dito contro la direttiva comunitaria \u201cservizi\u201d, ossia la Bolkestein: la normativa prevede che a partire dal 2016 le concessioni balneari non potranno pi\u00f9 essere rinnovate automaticamente, ma saranno oggetto di un bando pubblico al momento della scadenza. &#8220;Quello che non comprendiamo \u00e8 la messa in dubbio del futuro dei concessionari e delle loro famiglie che da anni svolgono un lavoro nell&#8217;interesse del turismo balneare ligure e italiano&#8221; ribadisce Borgo.<\/p>\n<p>Gli imprenditori del settore continuano a manifestare il proprio dissenso e la preoccupazione per il futuro di attivit\u00e0 familiari tramandate di generazione in generazione. &#8220;E&#8217; incomprensibile il fatto di non avere risposte dal governo. Il 23 di febbraio da questo esecutivo tecnico ci avevano garantito un intervento, ma cos\u00ec non \u00e8 stato: sono trascorsi tre mesi. Fortunatamente stiamo vedendo che le Regioni spingono perch\u00e9 il governo si assuma le responsabilit\u00e0&#8221; conclude Riccardo Borgo.<\/p>\n","protected":false},"excerpt":{"rendered":"<p>Bergeggi. Prove di sole per l&#8217;avvio della stagione balneare, sinora penalizzata dai capricci del meteo. &#8220;Oggi il tempo ci concede la prima giornata estiva, dopo le tribolazioni dal primo maggio in poi e nei fine settimana soprattutto. Purtroppo, pur essendo partiti lancia in resta con l&#8217;entusiasmo di sempre, la stagione non ha sorriso. Ovviamente la [&hellip;]<\/p>\n","protected":false},"author":13744,"featured_media":0,"comment_status":"open","ping_status":"closed","sticky":false,"template":"","format":"standard","meta":{"footnotes":""},"categories":[35],"tags":[17436,85971,37273,6791,107],"class_list":["post-217758","post","type-post","status-publish","format-standard","hentry","category-economia","tag-balneari","tag-bergeggi","tag-direttiva-bolkestein","tag-riccardo-borgo","tag-turismo","post_cat_citta-bergeggi"],"amp_validity":null,"amp_enabled":true,"_links":{"self":[{"href":"https:\/\/staging.ivg.it\/ediapi\/wp\/v2\/posts\/217758","targetHints":{"allow":["GET"]}}],"collection":[{"href":"https:\/\/staging.ivg.it\/ediapi\/wp\/v2\/posts"}],"about":[{"href":"https:\/\/staging.ivg.it\/ediapi\/wp\/v2\/types\/post"}],"author":[{"embeddable":true,"href":"https:\/\/staging.ivg.it\/ediapi\/wp\/v2\/users\/13744"}],"replies":[{"embeddable":true,"href":"https:\/\/staging.ivg.it\/ediapi\/wp\/v2\/comments?post=217758"}],"version-history":[{"count":0,"href":"https:\/\/staging.ivg.it\/ediapi\/wp\/v2\/posts\/217758\/revisions"}],"wp:attachment":[{"href":"https:\/\/staging.ivg.it\/ediapi\/wp\/v2\/media?parent=217758"}],"wp:term":[{"taxonomy":"category","embeddable":true,"href":"https:\/\/staging.ivg.it\/ediapi\/wp\/v2\/categories?post=217758"},{"taxonomy":"post_tag","embeddable":true,"href":"https:\/\/staging.ivg.it\/ediapi\/wp\/v2\/tags?post=217758"}],"curies":[{"name":"wp","href":"https:\/\/api.w.org\/{rel}","templated":true}]}}