{"id":217755,"date":"2012-05-24T17:03:23","date_gmt":"2012-05-24T15:03:23","guid":{"rendered":"http:\/\/www.ivg.it\/?p=217755"},"modified":"2012-05-24T17:03:23","modified_gmt":"2012-05-24T15:03:23","slug":"fac-di-albisola-assessore-vesco-limpegno-del-liquidatore-e-di-tutti-e-trovare-solido-acquirente","status":"publish","type":"post","link":"https:\/\/staging.ivg.it\/2012\/05\/fac-di-albisola-assessore-vesco-limpegno-del-liquidatore-e-di-tutti-e-trovare-solido-acquirente\/","title":{"rendered":"Fac di Albisola, assessore Vesco: &#8220;L&#8217;impegno del liquidatore e di tutti \u00e8 trovare solido acquirente&#8221;"},"content":{"rendered":"<p><strong>Albisola Superiore<\/strong>. Raggiunto questa mattina l\u2019accordo per la cassa integrazione straordinaria a favore dei lavoratori della Fac. La cassa integrazione sar\u00e0 attivata per 12 mesi a decorrere dal 28 maggio 2012 per 148 lavoratori. \u201cDurante tutto il periodo di cassa integrazione \u2013 ha spiegato l&#8217;assessore regionale Enrico Vesco &#8211; tutte le parti si attiveranno per agevolare la riassunzione del personale sia attraverso un piano industriale da sottoporre a soggetti terzi interessati a proseguire l\u2019attivit\u00e0 produttiva di Fac, sia con attivit\u00e0 di ricerca di possibili ricollocazioni dei lavoratori in altre aziende del territorio\u201d.<\/p>\n<p>La procedura di cassa integrazione si \u00e8 resa necessaria a seguito della crisi economico-produttiva della Fac che ha comportato la chiusura del sito. \u201cA questo punto l\u2019impegno di tutti, in particolare del liquidatore \u2013 ha concluso Vesco &#8211; \u00e8 quello di trovare un acquirente che abbia solidit\u00e0 economica, capacit\u00e0 e magari esperienza nel settore, in modo da assicurare la ripresa dell\u2019attivit\u00e0 e serie prospettive per il futuro\u201d.<\/p>\n","protected":false},"excerpt":{"rendered":"<p>Albisola Superiore. Raggiunto questa mattina l\u2019accordo per la cassa integrazione straordinaria a favore dei lavoratori della Fac. La cassa integrazione sar\u00e0 attivata per 12 mesi a decorrere dal 28 maggio 2012 per 148 lavoratori. \u201cDurante tutto il periodo di cassa integrazione \u2013 ha spiegato l&#8217;assessore regionale Enrico Vesco &#8211; tutte le parti si attiveranno per [&hellip;]<\/p>\n","protected":false},"author":13744,"featured_media":0,"comment_status":"open","ping_status":"closed","sticky":false,"template":"","format":"standard","meta":{"footnotes":""},"categories":[35,31],"tags":[432,907,7268,1817,295],"class_list":["post-217755","post","type-post","status-publish","format-standard","hentry","category-economia","category-politica","tag-albisola","tag-enrico-vesco","tag-fac","tag-industria","tag-regione","post_cat_citta-albisola-superiore"],"amp_validity":null,"amp_enabled":true,"_links":{"self":[{"href":"https:\/\/staging.ivg.it\/ediapi\/wp\/v2\/posts\/217755","targetHints":{"allow":["GET"]}}],"collection":[{"href":"https:\/\/staging.ivg.it\/ediapi\/wp\/v2\/posts"}],"about":[{"href":"https:\/\/staging.ivg.it\/ediapi\/wp\/v2\/types\/post"}],"author":[{"embeddable":true,"href":"https:\/\/staging.ivg.it\/ediapi\/wp\/v2\/users\/13744"}],"replies":[{"embeddable":true,"href":"https:\/\/staging.ivg.it\/ediapi\/wp\/v2\/comments?post=217755"}],"version-history":[{"count":0,"href":"https:\/\/staging.ivg.it\/ediapi\/wp\/v2\/posts\/217755\/revisions"}],"wp:attachment":[{"href":"https:\/\/staging.ivg.it\/ediapi\/wp\/v2\/media?parent=217755"}],"wp:term":[{"taxonomy":"category","embeddable":true,"href":"https:\/\/staging.ivg.it\/ediapi\/wp\/v2\/categories?post=217755"},{"taxonomy":"post_tag","embeddable":true,"href":"https:\/\/staging.ivg.it\/ediapi\/wp\/v2\/tags?post=217755"}],"curies":[{"name":"wp","href":"https:\/\/api.w.org\/{rel}","templated":true}]}}