{"id":217520,"date":"2012-05-20T16:35:16","date_gmt":"2012-05-20T14:35:16","guid":{"rendered":"http:\/\/www.ivg.it\/?p=217520"},"modified":"2012-05-21T08:10:43","modified_gmt":"2012-05-21T06:10:43","slug":"savona-promozione-dellarte-ceramica-in-tempo-di-crisi-se-ne-parla-in-un-convegno-ad-hoc","status":"publish","type":"post","link":"https:\/\/staging.ivg.it\/2012\/05\/savona-promozione-dellarte-ceramica-in-tempo-di-crisi-se-ne-parla-in-un-convegno-ad-hoc\/","title":{"rendered":"Savona, promozione dell&#8217;arte ceramica in tempo di crisi: se ne parla in un convegno ad hoc"},"content":{"rendered":"<p><strong>Savona.<\/strong> Costruire un futuro per la ceramica artigianale di Albisola e Savona, da anni alle prese con una contraddizione di fondo che la crisi generale ha reso pi\u00f9 acuta: l\u2019elevato valore del \u201cmarchio\u201d \u2013 che riunisce arte, storia, tradizione, capacit\u00e0 di fare \u2013 non riesce a trovare adeguato riscontro a livello economico, in quanto appare insufficiente la presenza sul mercato, sia per quanto riguarda la promozione sia per le vendite.<\/p>\n<p>La presa d\u2019atto delle difficolt\u00e0 attraversate da alcuni decenni dall\u2019antica tradizione della ceramica locale e l\u2019urgente necessit\u00e0 di trovare rimedi in grado di ridare slancio ad un comparto produttivo che conserva rilevanti opportunit\u00e0 di crescita, hanno spinto la Camera di Commercio di Savona ad organizzare un convegno ad hoc che rappresenta un momento cruciale per ridefinire cosa pu\u00f2 essere realmente l\u2019artigianato ceramico nel XXI secolo e quale ruolo, all\u2019interno di un nuovo modo di produrre e di nuove produzioni, potranno avere Albisola e Savona. L&#8217;appuntamento \u00e8 per sabato 26 maggio alle 8,45 presso la Sala Magnano della Camera di Commercio di Savona.<\/p>\n<p>L\u2019obiettivo \u00e8 di giungere a formulare una proposta complessiva in grado di legare l\u2019aspetto culturale a quello economico, con l\u2019uno trainante dell\u2019altro, ciascuno con i propri specifici apporti. Traguardo ambizioso, da seguire con costante impegno, iniziando a definire l\u2019identit\u00e0 nuova e di pregio che la produzione ceramica locale potrebbe far propria e sviluppare con successo, attraverso una rinnovata formazione professionale, una nuova organizzazione del lavoro, l&#8217;innovazione di prodotto e il marketing strategico proposti dalla contemporanea cultura del progetto.<\/p>\n<p>Il convegno, confrontandosi con le difficili condizioni storiche e strutturali del Distretto della ceramica del savonese che impongono l\u2019onere di fare sistema &#8211; per aumentare l\u2019efficienza cumulativa degli sforzi prodotti e produrre sinergie positive &#8211; guarder\u00e0 pertanto a strategie di sviluppo che colgano le opportunit\u00e0 esistenti sul mercato e che, tenendo conto delle differenti risorse e competenze professionali necessarie &#8211; gi\u00e0 operative o da formare &#8211; offra alla ceramica locale un potenziale di crescita e di redditivit\u00e0 attraverso l&#8217;acquisizione ed il mantenimento di un vantaggio competitivo. Tale convegno intende dunque delineare le possibilit\u00e0 per la ceramica locale di associarsi al made in Italy, gi\u00e0 celebre nel mondo intero, giocando la carta della qualit\u00e0 e dell&#8217;innovazione nell\u2019ambito dell&#8217;artigianato, associato al design, alle nuove tecnologie e a rinnovate professionalit\u00e0 produttive, distributive e promozionali del brand dell&#8217;antica tradizione ceramica territoriale. <\/p>\n<p>I relatori sono stati pertanto invitati a delineare le strategie di intervento che  promuovano il rinnovamento della ceramica locale attraverso la cultura del design, affinch\u00e9 si possa puntare esplicitamente sull&#8217;export in nicchie di mercato sofisticate, realizzando prodotti in serie limitate, che siano innovativi e dedicati al mercato dei complementi d&#8217;arredo. Pertanto, una particolare attenzione verr\u00e0 rivolta, oltrech\u00e9 all&#8217;innovazione dell&#8217;identit\u00e0 di prodotto e del brand della tradizione territoriale, anche alle modalit\u00e0 di esportazione del prodotto ceramico locale, quale obiettivo strategico a medio e lungo termine. <\/p>\n<p>Il convegno prevede, dalle ore 8,45, la registrazione dei partecipanti a cui seguir\u00e0, alle ore 9,15, la Presentazione dell&#8217;iniziativa da parte del Presidente della Camera di Commercio di Savona, Luciano Pasquale. Alle ore 11,30 \u00e8 prevista una tavola rotonda \u2013 dibattito.<\/p>\n","protected":false},"excerpt":{"rendered":"<p>Savona. Costruire un futuro per la ceramica artigianale di Albisola e Savona, da anni alle prese con una contraddizione di fondo che la crisi generale ha reso pi\u00f9 acuta: l\u2019elevato valore del \u201cmarchio\u201d \u2013 che riunisce arte, storia, tradizione, capacit\u00e0 di fare \u2013 non riesce a trovare adeguato riscontro a livello economico, in quanto appare [&hellip;]<\/p>\n","protected":false},"author":13744,"featured_media":0,"comment_status":"open","ping_status":"closed","sticky":false,"template":"","format":"standard","meta":{"footnotes":""},"categories":[],"tags":[432,174,1483,595,2156],"class_list":["post-217520","post","type-post","status-publish","format-standard","hentry","tag-albisola","tag-camera-commercio","tag-ceramica","tag-crisi","tag-luciano-pasquale","post_cat_citta-savona"],"amp_validity":null,"amp_enabled":true,"_links":{"self":[{"href":"https:\/\/staging.ivg.it\/ediapi\/wp\/v2\/posts\/217520","targetHints":{"allow":["GET"]}}],"collection":[{"href":"https:\/\/staging.ivg.it\/ediapi\/wp\/v2\/posts"}],"about":[{"href":"https:\/\/staging.ivg.it\/ediapi\/wp\/v2\/types\/post"}],"author":[{"embeddable":true,"href":"https:\/\/staging.ivg.it\/ediapi\/wp\/v2\/users\/13744"}],"replies":[{"embeddable":true,"href":"https:\/\/staging.ivg.it\/ediapi\/wp\/v2\/comments?post=217520"}],"version-history":[{"count":0,"href":"https:\/\/staging.ivg.it\/ediapi\/wp\/v2\/posts\/217520\/revisions"}],"wp:attachment":[{"href":"https:\/\/staging.ivg.it\/ediapi\/wp\/v2\/media?parent=217520"}],"wp:term":[{"taxonomy":"category","embeddable":true,"href":"https:\/\/staging.ivg.it\/ediapi\/wp\/v2\/categories?post=217520"},{"taxonomy":"post_tag","embeddable":true,"href":"https:\/\/staging.ivg.it\/ediapi\/wp\/v2\/tags?post=217520"}],"curies":[{"name":"wp","href":"https:\/\/api.w.org\/{rel}","templated":true}]}}