{"id":217306,"date":"2012-05-16T09:20:14","date_gmt":"2012-05-16T07:20:14","guid":{"rendered":"http:\/\/www.ivg.it\/?p=217306"},"modified":"2012-05-16T09:20:14","modified_gmt":"2012-05-16T07:20:14","slug":"albenga-donato-calciobalilla-al-centro-giovani","status":"publish","type":"post","link":"https:\/\/staging.ivg.it\/2012\/05\/albenga-donato-calciobalilla-al-centro-giovani\/","title":{"rendered":"Albenga, donato calciobalilla al Centro Giovani"},"content":{"rendered":"<p><strong>Albenga.<\/strong> &#8220;E calciobalilla \u00e8. S\u00ec, grazie all&#8217;appello di qualche settimana fa, con cui l&#8217;amministrazione comunale, attraverso gli organi di informazione, si rivolgeva a tutte le realt\u00e0 imprenditoriali e associative locali per chiedere in dono un calcio balilla per il neo-nato Centro Giovani, allo scopo di preservare i passatempi di una volta, un benefattore di Albenga ha risposto all\u00b4annuncio a mezzo stampa e ha consegnato nei giorni scorsi un &#8216;tavolo da calcetto&#8217; nuovo di pacca&#8221;. Lo dichiarano Eraldo Ciangherotti, assessore alle Politiche Giovanili del Comune di Albenga insieme al consigliere Aldo Marino con delega allo Sport.<\/p>\n<p>Proseguono Marino e Ciangherotti: &#8220;Grazie alla generosit\u00e0 dell&#8217;albenganese Fiorenzo Raimondo, d\u00b4ora in poi, i nostri ragazzi di Albenga potranno divertirsi con un nuovo calcio balilla, senza spendere soldi, durante gli orari di apertura della sede dei giovani. Adesso abbiamo in programma non solo l\u00b4organizzazione di tornei a livello locale e nazionale, in collaborazione con la Federazione Italiana Calcio Balilla e il CIP provinciale e regionale, ma intendiamo ospitare in futuro la &#8220;Coppa Italia Paralimpica&#8221;, affinch\u00e9 i giovani albenganesi, anche i diversamente abili, possano avvicinarsi alla disciplina agonistica, secondo il regolamento internazionale e tutte le diverse modalit\u00e0 di gioco&#8221;.<\/p>\n<p>&#8220;Che un benefattore di Albenga abbia risposto ad un appello dell\u00b4amministrazione comunale, a favore dei nostri giovani, \u00e8 la conferma della grande sensibilit\u00e0 dei nostri imprenditori a collaborare concretamente con le iniziative messe in atto a favore della comunit\u00e0. Con il sindaco, la vice presidente del Centro Anziani Ausilia Don\u00e0 e con alcuni ragazzi attivisti del nostro Centro giovani abbiamo battezzato, qualche giorno fa, il calcio balilla con una prima partitella in cui Rosy Guarneri si \u00e8 distinta per grinta e abilit\u00e0. Presto lanceremo una sfida tra amministratori comunali, speriamo l\u00b4opposizione accetti di partecipare&#8221; concludono Ciangherotti e Marino.<\/p>\n","protected":false},"excerpt":{"rendered":"<p>Albenga. &#8220;E calciobalilla \u00e8. S\u00ec, grazie all&#8217;appello di qualche settimana fa, con cui l&#8217;amministrazione comunale, attraverso gli organi di informazione, si rivolgeva a tutte le realt\u00e0 imprenditoriali e associative locali per chiedere in dono un calcio balilla per il neo-nato Centro Giovani, allo scopo di preservare i passatempi di una volta, un benefattore di Albenga [&hellip;]<\/p>\n","protected":false},"author":13744,"featured_media":0,"comment_status":"open","ping_status":"closed","sticky":false,"template":"","format":"standard","meta":{"footnotes":""},"categories":[56],"tags":[85841,16411,11559,31372,1238],"class_list":["post-217306","post","type-post","status-publish","format-standard","hentry","category-altre","tag-albenga","tag-aldo-marino","tag-calciobalilla","tag-centro-giovani","tag-eraldo-ciangherotti","post_cat_citta-albenga"],"amp_validity":null,"amp_enabled":true,"_links":{"self":[{"href":"https:\/\/staging.ivg.it\/ediapi\/wp\/v2\/posts\/217306","targetHints":{"allow":["GET"]}}],"collection":[{"href":"https:\/\/staging.ivg.it\/ediapi\/wp\/v2\/posts"}],"about":[{"href":"https:\/\/staging.ivg.it\/ediapi\/wp\/v2\/types\/post"}],"author":[{"embeddable":true,"href":"https:\/\/staging.ivg.it\/ediapi\/wp\/v2\/users\/13744"}],"replies":[{"embeddable":true,"href":"https:\/\/staging.ivg.it\/ediapi\/wp\/v2\/comments?post=217306"}],"version-history":[{"count":0,"href":"https:\/\/staging.ivg.it\/ediapi\/wp\/v2\/posts\/217306\/revisions"}],"wp:attachment":[{"href":"https:\/\/staging.ivg.it\/ediapi\/wp\/v2\/media?parent=217306"}],"wp:term":[{"taxonomy":"category","embeddable":true,"href":"https:\/\/staging.ivg.it\/ediapi\/wp\/v2\/categories?post=217306"},{"taxonomy":"post_tag","embeddable":true,"href":"https:\/\/staging.ivg.it\/ediapi\/wp\/v2\/tags?post=217306"}],"curies":[{"name":"wp","href":"https:\/\/api.w.org\/{rel}","templated":true}]}}