{"id":217267,"date":"2012-05-15T15:03:47","date_gmt":"2012-05-15T13:03:47","guid":{"rendered":"http:\/\/www.ivg.it\/?p=217267"},"modified":"2012-05-15T15:03:47","modified_gmt":"2012-05-15T13:03:47","slug":"a-carcare-per-gli-aperitivi-letterari","status":"publish","type":"post","link":"https:\/\/staging.ivg.it\/2012\/05\/a-carcare-per-gli-aperitivi-letterari\/","title":{"rendered":"A Carcare per gli &#8220;Aperitivi letterari&#8221;"},"content":{"rendered":"<p><strong>Carcare<\/strong>. Secondo appuntamento, a Carcare, con gli &#8220;Aperitivi Letterari&#8221;. Gioved\u00ec 17 alle 18,30 presso la gelateria cittadina &#8220;Antico Borgo&#8221; il piazza Donatori di Sangue verr\u00e0 presentato il libro &#8220;L&#8217;isola delle chiatte&#8221;.<\/p>\n<p>La formula promozionale della rassegna &#8220;Aperitivi Letterari&#8221; \u00e8 da tre anni un continuo laboratorio di sperimentazione. Quest&#8217;anno, il Consiglio di Biblioteca si \u00e8 orientato sulla narrativa della Fratelli Frilli Editore, anche in virt\u00f9 delle donazioni fatte dalla stessa al patrimonio librario della biblioteca civica, seguendo un percorso di presentazioni con gli autori nei locali carcaresi che hanno aderito alla proposta dell&#8217;iniziativa.<\/p>\n<p>Gli &#8220;Aperitivi Letterari&#8221; esaltano l&#8217;accoglienza e la ricettivit\u00e0 di Carcare, chi li sceglier\u00e0 compir\u00e0 un viaggio di approfondimento nella lettura, in 5 gioved\u00ec consecutivi, dal fino al 7 giugno, scoprir\u00e0 una parte del patrimonio editoriale della casa editrice Fratelli Frilli e le virt\u00f9 enogastronomiche di 5 bar carcaresi.<\/p>\n","protected":false},"excerpt":{"rendered":"<p>Carcare. Secondo appuntamento, a Carcare, con gli &#8220;Aperitivi Letterari&#8221;. Gioved\u00ec 17 alle 18,30 presso la gelateria cittadina &#8220;Antico Borgo&#8221; il piazza Donatori di Sangue verr\u00e0 presentato il libro &#8220;L&#8217;isola delle chiatte&#8221;. La formula promozionale della rassegna &#8220;Aperitivi Letterari&#8221; \u00e8 da tre anni un continuo laboratorio di sperimentazione. Quest&#8217;anno, il Consiglio di Biblioteca si \u00e8 orientato [&hellip;]<\/p>\n","protected":false},"author":13744,"featured_media":0,"comment_status":"open","ping_status":"closed","sticky":false,"template":"","format":"standard","meta":{"footnotes":""},"categories":[],"tags":[33630,85852,2417],"class_list":["post-217267","post","type-post","status-publish","format-standard","hentry","tag-aperitivi-letterari","tag-carcare","tag-libro","post_cat_citta-carcare"],"amp_validity":null,"amp_enabled":true,"_links":{"self":[{"href":"https:\/\/staging.ivg.it\/ediapi\/wp\/v2\/posts\/217267","targetHints":{"allow":["GET"]}}],"collection":[{"href":"https:\/\/staging.ivg.it\/ediapi\/wp\/v2\/posts"}],"about":[{"href":"https:\/\/staging.ivg.it\/ediapi\/wp\/v2\/types\/post"}],"author":[{"embeddable":true,"href":"https:\/\/staging.ivg.it\/ediapi\/wp\/v2\/users\/13744"}],"replies":[{"embeddable":true,"href":"https:\/\/staging.ivg.it\/ediapi\/wp\/v2\/comments?post=217267"}],"version-history":[{"count":0,"href":"https:\/\/staging.ivg.it\/ediapi\/wp\/v2\/posts\/217267\/revisions"}],"wp:attachment":[{"href":"https:\/\/staging.ivg.it\/ediapi\/wp\/v2\/media?parent=217267"}],"wp:term":[{"taxonomy":"category","embeddable":true,"href":"https:\/\/staging.ivg.it\/ediapi\/wp\/v2\/categories?post=217267"},{"taxonomy":"post_tag","embeddable":true,"href":"https:\/\/staging.ivg.it\/ediapi\/wp\/v2\/tags?post=217267"}],"curies":[{"name":"wp","href":"https:\/\/api.w.org\/{rel}","templated":true}]}}