{"id":217264,"date":"2012-05-15T14:36:40","date_gmt":"2012-05-15T12:36:40","guid":{"rendered":"http:\/\/www.ivg.it\/?p=217264"},"modified":"2012-05-15T18:38:13","modified_gmt":"2012-05-15T16:38:13","slug":"asl-2-al-via-il-progetto-rete20-presentazione-al-teatro-sacco","status":"publish","type":"post","link":"https:\/\/staging.ivg.it\/2012\/05\/asl-2-al-via-il-progetto-rete20-presentazione-al-teatro-sacco\/","title":{"rendered":"Asl 2, al via il progetto &#8220;Rete20&#8221;: presentazione al teatro Sacco"},"content":{"rendered":"<p><strong>Savona.<\/strong> Domani alle ore 19.45, il Teatro Sacco ospiter\u00e0 il primo meeting di &#8220;ReteE20&#8221;, un nuovo progetto che sta decollando all&#8217;interno della Struttura Semplice Attivit\u00e0 di Prevenzione operativa all\u2019interno della S.C. Servizio Tossicodipendenze( Ser.T.) dell\u2019ASL 2 Savonese.<\/p>\n<p>Il progetto ha l&#8217;ambizioso obiettivo di catalizzare la formazione di una rete, connettendo le energie e le risorse delle varie realt\u00e0 di aggregazione giovanile della provincia di Savona. La filosofia sottesa \u00e8 lo sviluppo del territorio all&#8217;insegna del benessere e della cooperazione.<\/p>\n<p>&#8220;Fare rete \u00e8 da sempre una strategia vincente per la sopravvivenza: i nodi legano e sostengono! Una citt\u00e0 dalla tradizione marinara come Savona d&#8217;altronde conosce bene l&#8217;importanza delle reti e dei nodi &#8211;  spiega Rachele Donini, responsabile della S.S. Attivit\u00e0 di Prevenzione e continua &#8211; Soprattutto nell&#8217;era della globalizzazione, \u00e8 importante mettere in contatto e contaminare esperienze e sensibilit\u00e0 differenti,  promuovendo una partecipazione attiva dei giovani e di chi li conosce, per costruire una comunit\u00e0 solida e flessibile, attenta alle loro esigenze&#8221;.<\/p>\n<p>La dottoressa Maura Chiarlone, operatore del Ser.T sottolinea come &#8220;il coinvolgimento dei giovani \u00e8 la chiave per sviluppare progetti di prevenzione in cui loro stessi siano protagonisti attivi, secondo un&#8217;ottica di promozione del benessere e di diffusione di stili di vita sani. Il mondo giovanile \u00e8 sociologicamente e antropologicamente una realt\u00e0 variegata abitata da diverse &#8216;trib\u00f9&#8217; con linguaggi, codici e rituali propri; \u00e8 importante che ognuna di loro traduca i concetti di benessere e autoprotezione nel messaggio pi\u00f9 adeguato per essere assimilato e metabolizzato&#8221;.<\/p>\n","protected":false},"excerpt":{"rendered":"<p>Savona. Domani alle ore 19.45, il Teatro Sacco ospiter\u00e0 il primo meeting di &#8220;ReteE20&#8221;, un nuovo progetto che sta decollando all&#8217;interno della Struttura Semplice Attivit\u00e0 di Prevenzione operativa all\u2019interno della S.C. Servizio Tossicodipendenze( Ser.T.) dell\u2019ASL 2 Savonese. Il progetto ha l&#8217;ambizioso obiettivo di catalizzare la formazione di una rete, connettendo le energie e le risorse [&hellip;]<\/p>\n","protected":false},"author":13744,"featured_media":0,"comment_status":"open","ping_status":"closed","sticky":false,"template":"","format":"standard","meta":{"footnotes":""},"categories":[],"tags":[292,85850,1373],"class_list":["post-217264","post","type-post","status-publish","format-standard","hentry","tag-asl-2","tag-savona","tag-sert","post_cat_citta-savona"],"amp_validity":null,"amp_enabled":true,"_links":{"self":[{"href":"https:\/\/staging.ivg.it\/ediapi\/wp\/v2\/posts\/217264","targetHints":{"allow":["GET"]}}],"collection":[{"href":"https:\/\/staging.ivg.it\/ediapi\/wp\/v2\/posts"}],"about":[{"href":"https:\/\/staging.ivg.it\/ediapi\/wp\/v2\/types\/post"}],"author":[{"embeddable":true,"href":"https:\/\/staging.ivg.it\/ediapi\/wp\/v2\/users\/13744"}],"replies":[{"embeddable":true,"href":"https:\/\/staging.ivg.it\/ediapi\/wp\/v2\/comments?post=217264"}],"version-history":[{"count":0,"href":"https:\/\/staging.ivg.it\/ediapi\/wp\/v2\/posts\/217264\/revisions"}],"wp:attachment":[{"href":"https:\/\/staging.ivg.it\/ediapi\/wp\/v2\/media?parent=217264"}],"wp:term":[{"taxonomy":"category","embeddable":true,"href":"https:\/\/staging.ivg.it\/ediapi\/wp\/v2\/categories?post=217264"},{"taxonomy":"post_tag","embeddable":true,"href":"https:\/\/staging.ivg.it\/ediapi\/wp\/v2\/tags?post=217264"}],"curies":[{"name":"wp","href":"https:\/\/api.w.org\/{rel}","templated":true}]}}