{"id":217261,"date":"2012-05-15T14:32:38","date_gmt":"2012-05-15T12:32:38","guid":{"rendered":"http:\/\/www.ivg.it\/?p=217261"},"modified":"2012-05-15T18:27:51","modified_gmt":"2012-05-15T16:27:51","slug":"presidenza-autorita-portuale-burlando-a-ivg-non-capisco-questo-bailamme-la-terna-la-fanno-i-savonesi","status":"publish","type":"post","link":"https:\/\/staging.ivg.it\/2012\/05\/presidenza-autorita-portuale-burlando-a-ivg-non-capisco-questo-bailamme-la-terna-la-fanno-i-savonesi\/","title":{"rendered":"Presidenza Autorit\u00e0 Portuale, Burlando a IVG: &#8220;Non capisco questo bailamme, la terna la fanno i savonesi&#8221;"},"content":{"rendered":"<p><strong>Savona<\/strong>. Il governatore regionale Claudio Burlando interviene sulla successione alla guida dell&#8217;Autorit\u00e0 Portuale savonese, dicendosi &#8220;stupito&#8221; per il polverone suscitato dal toto-nomine e dalle polemiche anti-genovesi. &#8220;Continuo a sentire e a leggere commenti incredibili &#8211; dichiara Burlando a IVG.it &#8211; Al lavoro svolto da Canavese in questi sedici anni assegno un giudizio molto positivo; ha dato un impulso significativo al porto di Savona, da segretario e da presidente. La normalit\u00e0 vuole che dopo due mandati ci sia un nuovo presidente&#8221;.<\/p>\n<p>Burlando torna ad escludere l&#8217;ipotesi di un Canavese tris nella veste di commissario: &#8220;Le deroghe con un commissariamento possono essere fatte, direttamente dal ministro, di fronte a situazioni straordinarie. Non ho notizie in questo senso per Savona. Il ministro ha chiesto la terna ed \u00e8 quindi interessato ad effettuare la nomina. Io non ho espresso giudizi sui candidati, anzi ho rifiutato di incontrare potenziali candidati&#8221;.<\/p>\n<p>Il ministro Passera presenter\u00e0 il trio dei nomi alle commissioni parlamentari per un parere, quindi all&#8217;ente di via Fieschi. Prosegue Burlando: &#8220;Ora \u00e8 bene che i Comuni, la Provincia e la Camera di Commercio propongano i nomi. Sta al ministro esaminare i curricula e porli all&#8217;attenzione della Regione. Non partecipo a questa fase perch\u00e9 non ho alcun ruolo, n\u00e9 posso esprimere gradimento o meno per una o l&#8217;altra persona. Mi si attribuiscono ruoli impropri in questo momento. Quando sar\u00e0 l&#8217;occasione, mi confronter\u00f2 apertamente con il ministro&#8221;.<\/p>\n<p>Mentre la convergenza dei Comuni interessati sta puntando sul vicesindaco savonese Paolo Gaggero, la carta che Angelo Vaccarezza giocher\u00e0 per la Provincia \u00e8 quella di Paolo Marson. Intensa la trattativa fra il primo cittadino Federico Berruti, che preme su Gaggero (anche per aprire un nuovo spazio nell&#8217;esecutivo comunale), ed il presidente dell&#8217;ente camerale Luciano Pasquale, che per\u00f2 sinora ha cercato di perorare la soluzione del commissariamento per prolungare l&#8217;esercizio di Cristoforo Canavese.<\/p>\n<p>Oggi il presidente uscente Canavese non ha mancato di indirizzare una stoccata, al termine del comitato portuale: &#8220;Le polemiche sono state fomentate non tanto da Burlando, ma da un mondo genovese molto preoccupato dalla crescita di Savona&#8221;. Lo stesso governatore regionale rintuzza: &#8220;A Genova la shipping community ha scelto uno spezzino, a Livorno un genovese. Ma al di l\u00e0 di questo, la terna \u00e8 nei mani dei savonesi, quindi se non vogliono un genovese possono escluderlo&#8221;.<\/p>\n<p>&#8220;Sono stupito dal bailamme che c&#8217;\u00e8 intorno a questa nomina: ormai sono procedure ordinarie che si fanno dal &#8217;94 in poi &#8211; aggiunge Burlando &#8211; Evidentemente sul porto di Savona c&#8217;\u00e8 una concentrazione dell&#8217;attenzione, in quanto realt\u00e0 importante. Ma ripeto: non partecipo alle designazioni n\u00e9 ad espressioni di gradimento. Aspetto la terna dal ministro&#8221;.<\/p>\n<p>Si apre una prospettiva di lavoro delicata per la Port Authority, anche dal punto di vista amministrativo-burocratico, con la piattaforma multipurpose sempre in ballo, la sofferenza del Refeer Terminal e della Compagnia Rebagliati, gli adempimenti per aderire al Patto della Legalit\u00e0 e alla riforma doganale. Dal primo giugno Roberto Visintin, lasciando la guardia di finanza, diventer\u00e0 segretario generale, subentrando nel ruolo di Emma Mazzitelli.<\/p>\n<p>Sulla nomina del generale delle fiamme gialle Visintin, osserva Burlando, &#8220;riteniamo sia stata fatta una scelta giusta&#8221;. &#8220;Al comitato ha partecipato l&#8217;assessore Lorena Rambaudi. Non ci sono stati problemi nella modalit\u00e0 di questa decisione. Visintin \u00e8 una persona da tutti riconosciuta per il suo valore, ha anche fatto una scelta di vita: anzich\u00e9 restare nella Guardia di Finanza e assumere incarichi di prestigio, ha deciso di rimanere nella nostra regione a svolgere un ruolo diverso&#8221; evidenzia Burlando. &#8220;Il nuovo presidente valuter\u00e0 se confermare o cambiare il segretario generale. Nel caso di cambiamento, comunque Visintin rimarr\u00e0 dirigente&#8221; conclude il presidente regionale.<\/p>\n","protected":false},"excerpt":{"rendered":"<p>Savona. Il governatore regionale Claudio Burlando interviene sulla successione alla guida dell&#8217;Autorit\u00e0 Portuale savonese, dicendosi &#8220;stupito&#8221; per il polverone suscitato dal toto-nomine e dalle polemiche anti-genovesi. &#8220;Continuo a sentire e a leggere commenti incredibili &#8211; dichiara Burlando a IVG.it &#8211; Al lavoro svolto da Canavese in questi sedici anni assegno un giudizio molto positivo; ha [&hellip;]<\/p>\n","protected":false},"author":13744,"featured_media":0,"comment_status":"open","ping_status":"closed","sticky":false,"template":"","format":"standard","meta":{"footnotes":""},"categories":[35,31],"tags":[2317,1543,284,1062,2156,25139,968,295,5455,15242],"class_list":["post-217261","post","type-post","status-publish","format-standard","hentry","category-economia","category-politica","tag-angelo-vaccarezza","tag-autorita-portuale","tag-claudio-burlando","tag-federico-berruti","tag-luciano-pasquale","tag-paolo-gaggero","tag-porto","tag-regione","tag-rino-canavese","tag-roberto-visintin","post_cat_citta-andora","post_cat_citta-savona"],"amp_validity":null,"amp_enabled":true,"_links":{"self":[{"href":"https:\/\/staging.ivg.it\/ediapi\/wp\/v2\/posts\/217261","targetHints":{"allow":["GET"]}}],"collection":[{"href":"https:\/\/staging.ivg.it\/ediapi\/wp\/v2\/posts"}],"about":[{"href":"https:\/\/staging.ivg.it\/ediapi\/wp\/v2\/types\/post"}],"author":[{"embeddable":true,"href":"https:\/\/staging.ivg.it\/ediapi\/wp\/v2\/users\/13744"}],"replies":[{"embeddable":true,"href":"https:\/\/staging.ivg.it\/ediapi\/wp\/v2\/comments?post=217261"}],"version-history":[{"count":0,"href":"https:\/\/staging.ivg.it\/ediapi\/wp\/v2\/posts\/217261\/revisions"}],"wp:attachment":[{"href":"https:\/\/staging.ivg.it\/ediapi\/wp\/v2\/media?parent=217261"}],"wp:term":[{"taxonomy":"category","embeddable":true,"href":"https:\/\/staging.ivg.it\/ediapi\/wp\/v2\/categories?post=217261"},{"taxonomy":"post_tag","embeddable":true,"href":"https:\/\/staging.ivg.it\/ediapi\/wp\/v2\/tags?post=217261"}],"curies":[{"name":"wp","href":"https:\/\/api.w.org\/{rel}","templated":true}]}}