{"id":217185,"date":"2012-05-14T12:31:35","date_gmt":"2012-05-14T10:31:35","guid":{"rendered":"http:\/\/www.ivg.it\/?p=217185"},"modified":"2012-05-14T18:13:57","modified_gmt":"2012-05-14T16:13:57","slug":"camminata-panoramica-memorial-nicola-gambetta-studenti-premiati-per-la-realizzazione-del-logo","status":"publish","type":"post","link":"https:\/\/staging.ivg.it\/2012\/05\/camminata-panoramica-memorial-nicola-gambetta-studenti-premiati-per-la-realizzazione-del-logo\/","title":{"rendered":"Camminata panoramica Memorial Nicola Gambetta: studenti premiati per la realizzazione del logo"},"content":{"rendered":"<p><strong>Provincia<\/strong>. Questa mattina si \u00e8 svolta presso la Sala mostre della Provincia di Savona la premiazione del 7\u00b0 concorso studentesco bandito dalla Polisportiva San Francesco A.S.D. per la realizzazione del logo che comparir\u00e0 sulle oltre 1200 magliette che verranno date agli iscritti della XXIV Camminata panoramica XXI &#8211; Memorial Nicola Gambetta. <\/p>\n<p>Al concorso hanno partecipato circa 100 studenti di scuole e istituti della nostra provincia ed i vincitori delle varie categorie sono stati premiati dall&#8217;assessore allo Sport Carla Mattea con una targa in ceramica, che ne riproduce il proprio disegno, e un attestato consegnato ai partecipanti. <\/p>\n<p>I vincitori per categoria sono:<br \/>\n&#8211; per la categoria riservata alle Scuole Primarie ha vinto il primo premio il disegno di Arianna Borgo e Maria Niccoli della classe 5^ C della scuola primaria \u201cC. Astengo\u201d di Savona;<br \/>\n&#8211; per la categoria riservata agli Istituti di Primo Grado ha vinto il primo premio il disegno di Francesca Dervishaj delle classe 2^ E dell&#8217;Istituto Pertini di Savona Succursale Villetta;<br \/>\n&#8211; per la categoria riservata agli Istituti di Secondo Grado premiati Laura Antonini della classe IV A e Greta Pach\u00ec della classe 3^ B dell&#8217;Istituto di Grafica dell&#8217;Istituto Secondario Mazzini di Savona. <\/p>\n<p>Laura Antonini \u00e8 risultata anche la vincitrice del Primo Premio assoluto e quindi il logo da Lei realizzato sar\u00e0 quello che sar\u00e0 stampato sulle magliette che verranno date poi agli iscritti della Memorial Nicola Gambetta che si svolger\u00e0 domenica 20 maggio. <\/p>\n<p>&#8220;La manifestazione &#8211; dichiara l&#8217;assessore Mattea &#8211; \u00e8 organizzata con il patrocinio della Provincia di Savona e del Comune di Savona, un appuntamento tradizionale per tutti i podisti liguri e anche per tutti i savonesi che vogliano trascorrere una giornata diversa. Una passeggiata nel verde sulle colline savonesi \u00e8 anche l&#8217;occasione per aiutare l&#8217;Associazione Savonese Contro Le Leucemie \u2013 Onlus (A.S.CO.L.L.). Il XXI-Memorial Nicola Gambetta di quest&#8217;anno rientra tra gli eventi realizzati in occasione della 13.ma Tappa Savona &#8211; Cervere in programma per il 95\u00b0 Giro d\u2019Italia 2012, che far\u00e0 scalo nella citt\u00e0 della Torretta con partenza venerd\u00ec 18 maggio&#8221;.<\/p>\n","protected":false},"excerpt":{"rendered":"<p>Provincia. Questa mattina si \u00e8 svolta presso la Sala mostre della Provincia di Savona la premiazione del 7\u00b0 concorso studentesco bandito dalla Polisportiva San Francesco A.S.D. per la realizzazione del logo che comparir\u00e0 sulle oltre 1200 magliette che verranno date agli iscritti della XXIV Camminata panoramica XXI &#8211; Memorial Nicola Gambetta. Al concorso hanno partecipato [&hellip;]<\/p>\n","protected":false},"author":13744,"featured_media":0,"comment_status":"open","ping_status":"closed","sticky":false,"template":"","format":"standard","meta":{"footnotes":""},"categories":[32],"tags":[1109,14350,4176,16564,375,654],"class_list":["post-217185","post","type-post","status-publish","format-standard","hentry","category-sport","tag-camminata","tag-carla-mattea","tag-logo","tag-memorial-gambetta","tag-provincia","tag-studenti","post_cat_citta-andora"],"amp_validity":null,"amp_enabled":true,"_links":{"self":[{"href":"https:\/\/staging.ivg.it\/ediapi\/wp\/v2\/posts\/217185","targetHints":{"allow":["GET"]}}],"collection":[{"href":"https:\/\/staging.ivg.it\/ediapi\/wp\/v2\/posts"}],"about":[{"href":"https:\/\/staging.ivg.it\/ediapi\/wp\/v2\/types\/post"}],"author":[{"embeddable":true,"href":"https:\/\/staging.ivg.it\/ediapi\/wp\/v2\/users\/13744"}],"replies":[{"embeddable":true,"href":"https:\/\/staging.ivg.it\/ediapi\/wp\/v2\/comments?post=217185"}],"version-history":[{"count":0,"href":"https:\/\/staging.ivg.it\/ediapi\/wp\/v2\/posts\/217185\/revisions"}],"wp:attachment":[{"href":"https:\/\/staging.ivg.it\/ediapi\/wp\/v2\/media?parent=217185"}],"wp:term":[{"taxonomy":"category","embeddable":true,"href":"https:\/\/staging.ivg.it\/ediapi\/wp\/v2\/categories?post=217185"},{"taxonomy":"post_tag","embeddable":true,"href":"https:\/\/staging.ivg.it\/ediapi\/wp\/v2\/tags?post=217185"}],"curies":[{"name":"wp","href":"https:\/\/api.w.org\/{rel}","templated":true}]}}