{"id":217152,"date":"2012-05-13T15:41:51","date_gmt":"2012-05-13T13:41:51","guid":{"rendered":"http:\/\/www.ivg.it\/?p=217152"},"modified":"2012-05-13T16:10:33","modified_gmt":"2012-05-13T14:10:33","slug":"spotorno-posti-ancora-disponibili-al-campo-solare","status":"publish","type":"post","link":"https:\/\/staging.ivg.it\/2012\/05\/spotorno-posti-ancora-disponibili-al-campo-solare\/","title":{"rendered":"Spotorno, posti ancora disponibili al Campo Solare"},"content":{"rendered":"<p><strong>Spotorno<\/strong>. Il servizio di Campo Solare \u00e8 un servizio educativo a rilevanza sociale, istituito dal Comune di Spotorno e realizzato, da quest`anno, in collaborazione con l&#8217;Azienda di Servizi alla Persona Siccardi Berninzoni. Le finalit\u00e0 del servizio sono di fornire un valido supporto alle famiglie durante il periodo estivo quando i bambini, non impegnati nelle attivit\u00e0 scolastiche, hanno maggiori esigenze di adeguate e, qualitativamente idonee, forme di impegno del tempo libero.  <\/p>\n<p>&#8220;Le iscrizioni al servizio sono ancora aperte &#8211; interviene l`Assessore ai Servizi Sociali del Comune di Spotorno, Gian Luca Giudice &#8211; e il modulo \u00e9 reperibile presso l&#8217;ufficio servizi sociali di Spotorno in viale Europa e dal sito internet del Comune. Il &#8220;Campo Solare&#8221; \u00e8 rivolto ai bambini, residenti e non, in et\u00e0 compresa tra i 3 e gli 11 anni (scuola dell&#8217;infanzia e scuola primaria). Il servizio \u00e8 attivo nei seguenti periodi: ultima settimana di giugno; mesi di luglio e agosto; dal 3 al 12 settembre.<\/p>\n<p>La ricettivit\u00e0 massima mensile \u00e8 di 70 iscritti. L&#8217;Ufficio Servizi Sociali, qualora venissero presentate richieste di ammissione al Campo Solare per bambini frequentanti il primo anno della scuola secondaria di primo grado, potr\u00e0 valutarne l&#8217;inserimento solo se, al termine del periodo previsto per le iscrizioni, risultassero ancora posti disponibili. <\/p>\n<p>Da quest&#8217;anno inizia una proficua collaborazione nel servizio Campo Solare con l&#8217;ASP Siccardi Berninzoni, intesa siglata recentemente con una convenzione. Colgo infine l`occasione per ringraziare l`intero Consiglio dell&#8217;ASP per la loro continua sensibilit\u00e0 e appoggio concreto ai Servizi Sociali del Comune di Spotorno&#8221;.<\/p>\n","protected":false},"excerpt":{"rendered":"<p>Spotorno. Il servizio di Campo Solare \u00e8 un servizio educativo a rilevanza sociale, istituito dal Comune di Spotorno e realizzato, da quest`anno, in collaborazione con l&#8217;Azienda di Servizi alla Persona Siccardi Berninzoni. Le finalit\u00e0 del servizio sono di fornire un valido supporto alle famiglie durante il periodo estivo quando i bambini, non impegnati nelle attivit\u00e0 [&hellip;]<\/p>\n","protected":false},"author":13744,"featured_media":0,"comment_status":"open","ping_status":"closed","sticky":false,"template":"","format":"standard","meta":{"footnotes":""},"categories":[],"tags":[938,85863],"class_list":["post-217152","post","type-post","status-publish","format-standard","hentry","tag-campo-solare","tag-spotorno","post_cat_citta-andora","post_cat_citta-spotorno"],"amp_validity":null,"amp_enabled":true,"_links":{"self":[{"href":"https:\/\/staging.ivg.it\/ediapi\/wp\/v2\/posts\/217152","targetHints":{"allow":["GET"]}}],"collection":[{"href":"https:\/\/staging.ivg.it\/ediapi\/wp\/v2\/posts"}],"about":[{"href":"https:\/\/staging.ivg.it\/ediapi\/wp\/v2\/types\/post"}],"author":[{"embeddable":true,"href":"https:\/\/staging.ivg.it\/ediapi\/wp\/v2\/users\/13744"}],"replies":[{"embeddable":true,"href":"https:\/\/staging.ivg.it\/ediapi\/wp\/v2\/comments?post=217152"}],"version-history":[{"count":0,"href":"https:\/\/staging.ivg.it\/ediapi\/wp\/v2\/posts\/217152\/revisions"}],"wp:attachment":[{"href":"https:\/\/staging.ivg.it\/ediapi\/wp\/v2\/media?parent=217152"}],"wp:term":[{"taxonomy":"category","embeddable":true,"href":"https:\/\/staging.ivg.it\/ediapi\/wp\/v2\/categories?post=217152"},{"taxonomy":"post_tag","embeddable":true,"href":"https:\/\/staging.ivg.it\/ediapi\/wp\/v2\/tags?post=217152"}],"curies":[{"name":"wp","href":"https:\/\/api.w.org\/{rel}","templated":true}]}}