{"id":217139,"date":"2012-05-12T18:21:31","date_gmt":"2012-05-12T16:21:31","guid":{"rendered":"http:\/\/www.ivg.it\/?p=217139"},"modified":"2012-05-13T17:22:36","modified_gmt":"2012-05-13T15:22:36","slug":"andora-camionista-trovato-senza-vita-in-area-di-servizio-era-scomparso-da-giorni","status":"publish","type":"post","link":"https:\/\/staging.ivg.it\/2012\/05\/andora-camionista-trovato-senza-vita-in-area-di-servizio-era-scomparso-da-giorni\/","title":{"rendered":"Andora, camionista trovato senza vita in area di servizio: era scomparso da giorni"},"content":{"rendered":"<p><strong>Andora<\/strong>. Era privo di vita nell&#8217;abitacolo della motrice, forse da giorni. Cos\u00ec \u00e8 stato trovato oggi un camionista di 40 anni, che non dava pi\u00f9 sue notizie da una settimana. L&#8217;uomo era all&#8217;interno del Tir nell&#8217;area di servizio Rinovo ad Andora, sull&#8217;autostrada in direzione Francia. <\/p>\n<p>Forze dell&#8217;ordine, vigili del fuoco e operatori del 118 sono giunti sul posto: il medico ha constatato il decesso dell&#8217;autotrasportatore. Dopo aver infranto i vetri del veicolo, gli operatori hanno recuperato la salma. <\/p>\n<p>Originario di Ponte Taro, in provincia di Parma, il camionista guidava un Tir con targa francese. I familiari lo stavano cercando battendo le direttrici viarie che l&#8217;uomo era solito percorrere per i trasporti. <\/p>\n","protected":false},"excerpt":{"rendered":"<p>Andora. Era privo di vita nell&#8217;abitacolo della motrice, forse da giorni. Cos\u00ec \u00e8 stato trovato oggi un camionista di 40 anni, che non dava pi\u00f9 sue notizie da una settimana. L&#8217;uomo era all&#8217;interno del Tir nell&#8217;area di servizio Rinovo ad Andora, sull&#8217;autostrada in direzione Francia. Forze dell&#8217;ordine, vigili del fuoco e operatori del 118 sono [&hellip;]<\/p>\n","protected":false},"author":13744,"featured_media":0,"comment_status":"open","ping_status":"closed","sticky":false,"template":"","format":"standard","meta":{"footnotes":""},"categories":[34],"tags":[85847,590],"class_list":["post-217139","post","type-post","status-publish","format-standard","hentry","category-cronaca","tag-andora","tag-autostrada"],"amp_validity":null,"amp_enabled":true,"_links":{"self":[{"href":"https:\/\/staging.ivg.it\/ediapi\/wp\/v2\/posts\/217139","targetHints":{"allow":["GET"]}}],"collection":[{"href":"https:\/\/staging.ivg.it\/ediapi\/wp\/v2\/posts"}],"about":[{"href":"https:\/\/staging.ivg.it\/ediapi\/wp\/v2\/types\/post"}],"author":[{"embeddable":true,"href":"https:\/\/staging.ivg.it\/ediapi\/wp\/v2\/users\/13744"}],"replies":[{"embeddable":true,"href":"https:\/\/staging.ivg.it\/ediapi\/wp\/v2\/comments?post=217139"}],"version-history":[{"count":0,"href":"https:\/\/staging.ivg.it\/ediapi\/wp\/v2\/posts\/217139\/revisions"}],"wp:attachment":[{"href":"https:\/\/staging.ivg.it\/ediapi\/wp\/v2\/media?parent=217139"}],"wp:term":[{"taxonomy":"category","embeddable":true,"href":"https:\/\/staging.ivg.it\/ediapi\/wp\/v2\/categories?post=217139"},{"taxonomy":"post_tag","embeddable":true,"href":"https:\/\/staging.ivg.it\/ediapi\/wp\/v2\/tags?post=217139"}],"curies":[{"name":"wp","href":"https:\/\/api.w.org\/{rel}","templated":true}]}}