{"id":217137,"date":"2012-05-12T17:17:31","date_gmt":"2012-05-12T15:17:31","guid":{"rendered":"http:\/\/www.ivg.it\/?p=217137"},"modified":"2012-05-13T15:59:17","modified_gmt":"2012-05-13T13:59:17","slug":"incendi-lassessore-barbagallo-tagli-si-ma-garantita-operativita-dei-vigili-del-fuoco","status":"publish","type":"post","link":"https:\/\/staging.ivg.it\/2012\/05\/incendi-lassessore-barbagallo-tagli-si-ma-garantita-operativita-dei-vigili-del-fuoco\/","title":{"rendered":"Incendi, l&#8217;assessore Barbagallo: &#8220;Tagli s\u00ec, ma garantita operativit\u00e0 dei vigili del fuoco&#8221;"},"content":{"rendered":"<p><strong>Savona<\/strong>. &#8220;I tagli che ci ha imposto lo Stato hanno fatto s\u00ec che anche la convenzione aggiuntiva con i vigili del fuoco ne risentisse ma questo non significa che non sar\u00e0 garantita l&#8217;operativit\u00e0 in caso di emergenza in Liguria&#8221;.<\/p>\n<p>Lo ha detto l&#8217;assessore regionale all&#8217;Agricoltura Giovanni Barbagallo intervenendo a Savona per la cerimonia dei trent&#8217;anni dell&#8217;Unione squadre volontari antincendi boschivi di Savona. Durante l&#8217;estate, ha detto Barbagallo, saranno garantiti i due elicotteri in caso di emergenza.<\/p>\n<p>&#8220;Rester\u00e0 nell&#8217;hangar uno dei due elicotteri supplementari che avevamo a disposizione &#8211; ha aggiunto l&#8217;assessore &#8211; Sugli incendi boschivi, comunque, garantiremo squadre e mezzi in ogni caso di emergenza. Non dimentichiamo che la nostra regione \u00e8 fortemente a rischio per gli incendi e anche per il recente caso dell&#8217;alluvione di Genova e Spezia. Faremo &#8216;pressione&#8217; sul governo affinch\u00e9 alla Liguria venga riservata la massima attenzione&#8221;.<\/p>\n","protected":false},"excerpt":{"rendered":"<p>Savona. &#8220;I tagli che ci ha imposto lo Stato hanno fatto s\u00ec che anche la convenzione aggiuntiva con i vigili del fuoco ne risentisse ma questo non significa che non sar\u00e0 garantita l&#8217;operativit\u00e0 in caso di emergenza in Liguria&#8221;. Lo ha detto l&#8217;assessore regionale all&#8217;Agricoltura Giovanni Barbagallo intervenendo a Savona per la cerimonia dei trent&#8217;anni [&hellip;]<\/p>\n","protected":false},"author":13744,"featured_media":0,"comment_status":"open","ping_status":"closed","sticky":false,"template":"","format":"standard","meta":{"footnotes":""},"categories":[31],"tags":[23275,4277,295,618],"class_list":["post-217137","post","type-post","status-publish","format-standard","hentry","category-politica","tag-giovanni-barbagallo","tag-incendi","tag-regione","tag-vigili-del-fuoco","post_cat_citta-andora"],"amp_validity":null,"amp_enabled":true,"_links":{"self":[{"href":"https:\/\/staging.ivg.it\/ediapi\/wp\/v2\/posts\/217137","targetHints":{"allow":["GET"]}}],"collection":[{"href":"https:\/\/staging.ivg.it\/ediapi\/wp\/v2\/posts"}],"about":[{"href":"https:\/\/staging.ivg.it\/ediapi\/wp\/v2\/types\/post"}],"author":[{"embeddable":true,"href":"https:\/\/staging.ivg.it\/ediapi\/wp\/v2\/users\/13744"}],"replies":[{"embeddable":true,"href":"https:\/\/staging.ivg.it\/ediapi\/wp\/v2\/comments?post=217137"}],"version-history":[{"count":0,"href":"https:\/\/staging.ivg.it\/ediapi\/wp\/v2\/posts\/217137\/revisions"}],"wp:attachment":[{"href":"https:\/\/staging.ivg.it\/ediapi\/wp\/v2\/media?parent=217137"}],"wp:term":[{"taxonomy":"category","embeddable":true,"href":"https:\/\/staging.ivg.it\/ediapi\/wp\/v2\/categories?post=217137"},{"taxonomy":"post_tag","embeddable":true,"href":"https:\/\/staging.ivg.it\/ediapi\/wp\/v2\/tags?post=217137"}],"curies":[{"name":"wp","href":"https:\/\/api.w.org\/{rel}","templated":true}]}}