{"id":217136,"date":"2012-05-13T10:00:48","date_gmt":"2012-05-13T08:00:48","guid":{"rendered":"http:\/\/www.ivg.it\/?p=217136"},"modified":"2012-05-14T08:09:33","modified_gmt":"2012-05-14T06:09:33","slug":"cairo-il-sindaco-briano-prepara-la-giunta-a-meta-mandato-rimpasto-per-aprire-alle-new-entry","status":"publish","type":"post","link":"https:\/\/staging.ivg.it\/2012\/05\/cairo-il-sindaco-briano-prepara-la-giunta-a-meta-mandato-rimpasto-per-aprire-alle-new-entry\/","title":{"rendered":"Cairo, il sindaco Briano prepara la giunta: &#8220;A met\u00e0 mandato rimpasto per aprire alle new entry&#8221;"},"content":{"rendered":"<p><strong>Cairo Montenotte<\/strong>. Il sindaco Fulvio Briano si riserva il tempo necessario per comporre l&#8217;esecutivo del mandato-bis. &#8220;Prender\u00f2 il tempo concessomi dallo statuto. Entro il 17 maggio convocher\u00f2 il Consiglio comunale, che dovrebbe tenersi il 27 per l&#8217;insediamento della giunta&#8221; spiega il primo cittadino, oggi a Palazzo di Citt\u00e0 per l&#8217;inaugurazione dedicata alla mostra delle vignette di Gariano.<\/p>\n<p>&#8220;Sar\u00e0 una giunta per il bene di Cairo, rispettosa degli accordi con i partiti che mi hanno sostenuto e dei risultati che per certi versi sono stati eclatanti. Sar\u00e0 una giunta equilibrata&#8221; aggiunge Briano. <\/p>\n<p>La novit\u00e0, gi\u00e0 anticipata, \u00e8 una rivisitazione dell&#8217;assetto della giunta a met\u00e0 mandato, un &#8220;tagliando&#8221; per portare a scadenza la doppia legislatura. &#8220;Chiuder\u00f2 questo ciclo decennale &#8211; annuncia Briano -. A met\u00e0 mandato valuteremo di effettuare un rimpasto, cos\u00ec da inserire persone che sino ad oggi non hanno ricoperto ruoli apicali nell&#8217;amministrazione comunale&#8221;. <\/p>\n<p>&#8220;Secondo me occorre essere lungimiranti &#8211; spiega il sindaco -. Questo progetto non pu\u00f2 cessare fra cinque anni, ma bisogna pensare alla prospettiva, il che significa pensare a persone nuove e giovani. Questo vuol dire pensare ad una giunta per gli ultimi due anni e mezzo&#8221;. <\/p>\n<p>Il toto-giunta parte dagli assessori uscenti Stefano Valsetti del Pd, Alberto Poggio della Federazione della Sinistra e Dario Cagnone di Sel, che hanno incassato un buon riscontro di preferenze. Gli altri due per completare la rosa dell&#8217;esecutivo dovrebbero essere Graziano Bonifacino dell&#8217;Idv e Fabrizio Ghione dell&#8217;Udc. Resta l&#8217;incongnita di Amatore Morando, il pi\u00f9 votato degli indipendenti. Resta anche il posto di presidente del Consiglio comunale cairese.<\/p>\n","protected":false},"excerpt":{"rendered":"<p>Cairo Montenotte. Il sindaco Fulvio Briano si riserva il tempo necessario per comporre l&#8217;esecutivo del mandato-bis. &#8220;Prender\u00f2 il tempo concessomi dallo statuto. Entro il 17 maggio convocher\u00f2 il Consiglio comunale, che dovrebbe tenersi il 27 per l&#8217;insediamento della giunta&#8221; spiega il primo cittadino, oggi a Palazzo di Citt\u00e0 per l&#8217;inaugurazione dedicata alla mostra delle vignette [&hellip;]<\/p>\n","protected":false},"author":13744,"featured_media":0,"comment_status":"open","ping_status":"closed","sticky":false,"template":"","format":"standard","meta":{"footnotes":""},"categories":[31],"tags":[151,218,2771],"class_list":["post-217136","post","type-post","status-publish","format-standard","hentry","category-politica","tag-cairo","tag-elezioni","tag-fulvio-briano","post_cat_citta-cairo-montenotte"],"amp_validity":null,"amp_enabled":true,"_links":{"self":[{"href":"https:\/\/staging.ivg.it\/ediapi\/wp\/v2\/posts\/217136","targetHints":{"allow":["GET"]}}],"collection":[{"href":"https:\/\/staging.ivg.it\/ediapi\/wp\/v2\/posts"}],"about":[{"href":"https:\/\/staging.ivg.it\/ediapi\/wp\/v2\/types\/post"}],"author":[{"embeddable":true,"href":"https:\/\/staging.ivg.it\/ediapi\/wp\/v2\/users\/13744"}],"replies":[{"embeddable":true,"href":"https:\/\/staging.ivg.it\/ediapi\/wp\/v2\/comments?post=217136"}],"version-history":[{"count":0,"href":"https:\/\/staging.ivg.it\/ediapi\/wp\/v2\/posts\/217136\/revisions"}],"wp:attachment":[{"href":"https:\/\/staging.ivg.it\/ediapi\/wp\/v2\/media?parent=217136"}],"wp:term":[{"taxonomy":"category","embeddable":true,"href":"https:\/\/staging.ivg.it\/ediapi\/wp\/v2\/categories?post=217136"},{"taxonomy":"post_tag","embeddable":true,"href":"https:\/\/staging.ivg.it\/ediapi\/wp\/v2\/tags?post=217136"}],"curies":[{"name":"wp","href":"https:\/\/api.w.org\/{rel}","templated":true}]}}