{"id":216715,"date":"2012-05-07T12:45:10","date_gmt":"2012-05-07T10:45:10","guid":{"rendered":"http:\/\/www.ivg.it\/?p=216715"},"modified":"2012-05-13T16:43:00","modified_gmt":"2012-05-13T14:43:00","slug":"fac-albisola-convocato-tavolo-allunione-industriali-per-la-cassa-integrazione-straordinaria","status":"publish","type":"post","link":"https:\/\/staging.ivg.it\/2012\/05\/fac-albisola-convocato-tavolo-allunione-industriali-per-la-cassa-integrazione-straordinaria\/","title":{"rendered":"Fac Albisola, convocato tavolo all&#8217;Unione Industriali per la cassa integrazione straordinaria"},"content":{"rendered":"<p><strong>Albisola.<\/strong> E&#8217; stato convocato per il prossimo 14 maggio, alle ore 9 e 30, presso l&#8217;Unione Industriali di Savona, il vertice per la firma della cassa integrazione straordinaria per i 41 lavoratori della Fac di Albisola, che proseguono la loro assemblea permanente presso lo stabilimento albisolese. Inoltre \u00e8 stato confermato da parte dell&#8217;azienda e dal liquidatore Gianfranco Gabriel, la presenza di un piano industriale. <\/p>\n<p>E&#8217; quanto \u00e8 emerso nell&#8217;incontro che si \u00e8 svolto in Comune ad Albisola alla presenza del sindaco Franco Orsi, dell&#8217;assessore regionale Enrico Vesco, dall&#8217;assessore provinciale Giorgio Sambin, dalle segreterie sindacali ed Rsu aziendale. Al centro la situazione dei lavoratori e la necessit\u00e0 di garantire anche nei prossimi mesi una continuit\u00e0 di reddito. Ma non solo: si \u00e8 parlato sui possibili scenari futuri per lo storico sito albisolese, in particolare le polemiche sindacali sull&#8217;opzione del fallimento.<\/p>\n<p>&#8220;Credo che l&#8217;ipotesi del fallimento con la cassa integrazione ed un piano industriale sia meglio che un fallimento senza niente&#8230;&#8221; afferma il sindaco Franco Orsi. &#8220;Mi pare che non sia all&#8217;ordine del giorno, in primis \u00e8 importante verificare il contesto economico-finanziario dell&#8217;azienda, le trattative le sta portando avanti il liquidatore e quindi \u00e8 giusto attendere novit\u00e0 da lui&#8221;. Dai fratelli Sala, invece, anche nessuna risposta ad un possibile interessamento, anche se il sindaco albisolese precisa: &#8220;Il Comune sosterr\u00e0 ogni iniziativa per assicurare nuovamente produzione e occupazione, questo \u00e8 il nostro impegno&#8221; conclude Orsi.<\/p>\n","protected":false},"excerpt":{"rendered":"<p>Albisola. E&#8217; stato convocato per il prossimo 14 maggio, alle ore 9 e 30, presso l&#8217;Unione Industriali di Savona, il vertice per la firma della cassa integrazione straordinaria per i 41 lavoratori della Fac di Albisola, che proseguono la loro assemblea permanente presso lo stabilimento albisolese. Inoltre \u00e8 stato confermato da parte dell&#8217;azienda e dal [&hellip;]<\/p>\n","protected":false},"author":4,"featured_media":0,"comment_status":"open","ping_status":"closed","sticky":false,"template":"","format":"standard","meta":{"footnotes":""},"categories":[35],"tags":[432,38389],"class_list":["post-216715","post","type-post","status-publish","format-standard","hentry","category-economia","tag-albisola","tag-fac-albisola","post_cat_citta-albisola-superiore","post_cat_citta-andora"],"amp_validity":null,"amp_enabled":true,"_links":{"self":[{"href":"https:\/\/staging.ivg.it\/ediapi\/wp\/v2\/posts\/216715","targetHints":{"allow":["GET"]}}],"collection":[{"href":"https:\/\/staging.ivg.it\/ediapi\/wp\/v2\/posts"}],"about":[{"href":"https:\/\/staging.ivg.it\/ediapi\/wp\/v2\/types\/post"}],"author":[{"embeddable":true,"href":"https:\/\/staging.ivg.it\/ediapi\/wp\/v2\/users\/4"}],"replies":[{"embeddable":true,"href":"https:\/\/staging.ivg.it\/ediapi\/wp\/v2\/comments?post=216715"}],"version-history":[{"count":0,"href":"https:\/\/staging.ivg.it\/ediapi\/wp\/v2\/posts\/216715\/revisions"}],"wp:attachment":[{"href":"https:\/\/staging.ivg.it\/ediapi\/wp\/v2\/media?parent=216715"}],"wp:term":[{"taxonomy":"category","embeddable":true,"href":"https:\/\/staging.ivg.it\/ediapi\/wp\/v2\/categories?post=216715"},{"taxonomy":"post_tag","embeddable":true,"href":"https:\/\/staging.ivg.it\/ediapi\/wp\/v2\/tags?post=216715"}],"curies":[{"name":"wp","href":"https:\/\/api.w.org\/{rel}","templated":true}]}}