{"id":216631,"date":"2012-05-05T12:33:00","date_gmt":"2012-05-05T10:33:00","guid":{"rendered":"http:\/\/www.ivg.it\/?p=216631"},"modified":"2012-05-05T12:46:45","modified_gmt":"2012-05-05T10:46:45","slug":"costa-fascinosa-il-ministro-gnudi-simbolo-delleccellenza-italiana","status":"publish","type":"post","link":"https:\/\/staging.ivg.it\/2012\/05\/costa-fascinosa-il-ministro-gnudi-simbolo-delleccellenza-italiana\/","title":{"rendered":"Costa Fascinosa, il ministro Gnudi: &#8220;Simbolo dell&#8217;eccellenza italiana&#8221;"},"content":{"rendered":"<p><strong>Liguria.<\/strong> La nuova ammiraglia di Costa Crociere, Costa Fascinosa, presentata oggi a Venezia, &#8220;\u00e9 l&#8217;esempio concreto di due eccellenze italiane: turismo ed industria che si incontrano in quel particolare settore che \u00e8 il turismo crocieristico&#8221;. Cos\u00ec il ministro del Turismo, Piero Gnudi, in occasione della presentazione dell&#8217;ultima nata in casa Fincantieri, la nuova ammiraglia con cui il gruppo genovese rilancia la sua leadership nel settore crocieristico. <\/p>\n<p>La nave ha visto tra l&#8217;altro come madrina la figlia del ministro Gnudi, Elsa Gnudi. &#8220;Il turismo crocieristico &#8211; ha sottolineato il ministro &#8211; per noi in Italia \u00e8 punto di incontro tra due eccellenze, quella della qualit\u00e0 e dello stile tipicamente italiani, e quella dell&#8217;industria navale. Oggi \u00e8 un giorno molto positivo non solo per Costa e per Fincantieri, ma anche per l&#8217;Italia. E comunque &#8211; ha aggiunto &#8211; dobbiamo dare atto a Costa che dopo l&#8217;incidente del Giglio si sono comportati in modo ineccepibile&#8221;.<\/p>\n","protected":false},"excerpt":{"rendered":"<p>Liguria. La nuova ammiraglia di Costa Crociere, Costa Fascinosa, presentata oggi a Venezia, &#8220;\u00e9 l&#8217;esempio concreto di due eccellenze italiane: turismo ed industria che si incontrano in quel particolare settore che \u00e8 il turismo crocieristico&#8221;. Cos\u00ec il ministro del Turismo, Piero Gnudi, in occasione della presentazione dell&#8217;ultima nata in casa Fincantieri, la nuova ammiraglia con [&hellip;]<\/p>\n","protected":false},"author":13744,"featured_media":0,"comment_status":"open","ping_status":"closed","sticky":false,"template":"","format":"standard","meta":{"footnotes":""},"categories":[35],"tags":[412,26775,14284,40085,2295],"class_list":["post-216631","post","type-post","status-publish","format-standard","hentry","category-economia","tag-costa-crociere","tag-costa-fascinosa","tag-fascinosa","tag-piero-gnudi","tag-venezia","post_cat_citta-andora"],"amp_validity":null,"amp_enabled":true,"_links":{"self":[{"href":"https:\/\/staging.ivg.it\/ediapi\/wp\/v2\/posts\/216631","targetHints":{"allow":["GET"]}}],"collection":[{"href":"https:\/\/staging.ivg.it\/ediapi\/wp\/v2\/posts"}],"about":[{"href":"https:\/\/staging.ivg.it\/ediapi\/wp\/v2\/types\/post"}],"author":[{"embeddable":true,"href":"https:\/\/staging.ivg.it\/ediapi\/wp\/v2\/users\/13744"}],"replies":[{"embeddable":true,"href":"https:\/\/staging.ivg.it\/ediapi\/wp\/v2\/comments?post=216631"}],"version-history":[{"count":0,"href":"https:\/\/staging.ivg.it\/ediapi\/wp\/v2\/posts\/216631\/revisions"}],"wp:attachment":[{"href":"https:\/\/staging.ivg.it\/ediapi\/wp\/v2\/media?parent=216631"}],"wp:term":[{"taxonomy":"category","embeddable":true,"href":"https:\/\/staging.ivg.it\/ediapi\/wp\/v2\/categories?post=216631"},{"taxonomy":"post_tag","embeddable":true,"href":"https:\/\/staging.ivg.it\/ediapi\/wp\/v2\/tags?post=216631"}],"curies":[{"name":"wp","href":"https:\/\/api.w.org\/{rel}","templated":true}]}}