{"id":216629,"date":"2012-05-05T12:04:23","date_gmt":"2012-05-05T10:04:23","guid":{"rendered":"http:\/\/www.ivg.it\/?p=216629"},"modified":"2012-05-05T12:24:00","modified_gmt":"2012-05-05T10:24:00","slug":"lotta-alla-mafia-a-pietra-incontro-conclusivo-del-progetto-fumetto-dedicato-a-falcone","status":"publish","type":"post","link":"https:\/\/staging.ivg.it\/2012\/05\/lotta-alla-mafia-a-pietra-incontro-conclusivo-del-progetto-fumetto-dedicato-a-falcone\/","title":{"rendered":"Lotta alla mafia, a Pietra incontro conclusivo del progetto-fumetto dedicato a Falcone"},"content":{"rendered":"<p><strong>Pietra L.<\/strong> Venerd\u00ec 18 maggio, alle ore 18, al cinema di Pietra Ligure, ci sar\u00e0 l&#8217;incontro conclusivo del progetto &#8220;Per questo mi chiamo Giovanni &#8211; un fumetto per ricordare la lotta per la legalit\u00e0 di Giovanni Falcone&#8221;. <\/p>\n<p>La serata vorr\u00e0 ricordare non solo il ventennale della morte di Falcone e Borsellino, ma anche dare una visione pi\u00f9 globale del perch\u00e9 ricordare tutte le vittime di mafia, non solo quelle famose. In tale senso nel corso della serata si vorrebbe dare un ruolo centrale alla testimonianza dei coniugi Vincenzo ed Augusta Agostino, combattivi parenti di una vittima di mafia: il figlio, l\u2019agente di polizia Nino Agostino fu ucciso il 5 agosto del 1989 a Villagrazia di Carini,insieme alla moglie Ida Castellucci, in cinta di cinque mesi di una bambina.<\/p>\n<p>Nel corso della serata verr\u00e0 tracciato un quadro della situazione attuale della Liguria. Ed ovviamente si parler\u00e0 del progetto &#8220;Per questo mi chiamo Giovanni&#8221; grazie alla presenza di Stassi, autore del romanzo a fumetti omonimo.<\/p>\n","protected":false},"excerpt":{"rendered":"<p>Pietra L. Venerd\u00ec 18 maggio, alle ore 18, al cinema di Pietra Ligure, ci sar\u00e0 l&#8217;incontro conclusivo del progetto &#8220;Per questo mi chiamo Giovanni &#8211; un fumetto per ricordare la lotta per la legalit\u00e0 di Giovanni Falcone&#8221;. La serata vorr\u00e0 ricordare non solo il ventennale della morte di Falcone e Borsellino, ma anche dare una [&hellip;]<\/p>\n","protected":false},"author":13744,"featured_media":0,"comment_status":"open","ping_status":"closed","sticky":false,"template":"","format":"standard","meta":{"footnotes":""},"categories":[],"tags":[5131,488,670],"class_list":["post-216629","post","type-post","status-publish","format-standard","hentry","tag-giovanni-falcone","tag-mafia","tag-pietra","post_cat_citta-pietra-ligure"],"amp_validity":null,"amp_enabled":true,"_links":{"self":[{"href":"https:\/\/staging.ivg.it\/ediapi\/wp\/v2\/posts\/216629","targetHints":{"allow":["GET"]}}],"collection":[{"href":"https:\/\/staging.ivg.it\/ediapi\/wp\/v2\/posts"}],"about":[{"href":"https:\/\/staging.ivg.it\/ediapi\/wp\/v2\/types\/post"}],"author":[{"embeddable":true,"href":"https:\/\/staging.ivg.it\/ediapi\/wp\/v2\/users\/13744"}],"replies":[{"embeddable":true,"href":"https:\/\/staging.ivg.it\/ediapi\/wp\/v2\/comments?post=216629"}],"version-history":[{"count":0,"href":"https:\/\/staging.ivg.it\/ediapi\/wp\/v2\/posts\/216629\/revisions"}],"wp:attachment":[{"href":"https:\/\/staging.ivg.it\/ediapi\/wp\/v2\/media?parent=216629"}],"wp:term":[{"taxonomy":"category","embeddable":true,"href":"https:\/\/staging.ivg.it\/ediapi\/wp\/v2\/categories?post=216629"},{"taxonomy":"post_tag","embeddable":true,"href":"https:\/\/staging.ivg.it\/ediapi\/wp\/v2\/tags?post=216629"}],"curies":[{"name":"wp","href":"https:\/\/api.w.org\/{rel}","templated":true}]}}