{"id":216427,"date":"2012-05-02T13:14:09","date_gmt":"2012-05-02T11:14:09","guid":{"rendered":"http:\/\/www.ivg.it\/?p=216427"},"modified":"2012-05-02T19:18:21","modified_gmt":"2012-05-02T17:18:21","slug":"balla-coi-cinghiali-gli-organizzatori-rintuzzano-i-veleni-condanniamo-insinuazioni-e-calunnie-lo-spirito-dellassociazione-e-immutato","status":"publish","type":"post","link":"https:\/\/staging.ivg.it\/2012\/05\/balla-coi-cinghiali-gli-organizzatori-rintuzzano-i-veleni-condanniamo-insinuazioni-e-calunnie-lo-spirito-dellassociazione-e-immutato\/","title":{"rendered":"Balla Coi Cinghiali, gli organizzatori rintuzzano i veleni: &#8220;Condanniamo le calunnie, lo spirito dell&#8217;associazione \u00e8 immutato&#8221;"},"content":{"rendered":"<p><strong>Bardineto<\/strong>. Mentre sui social network si moltiplicano le iniziative per mantenere Balla Coi Cinghiali sul territorio, fioccano anche commenti critici e spunti polemici. Ai quali gli organizzatori della rassegna, il cui stop ha subito suscitato un polverone, rispondono attraverso Facebook. &#8220;Cari cinghiali &#8211; scrivono in un post &#8211; Un sincero ringraziamento va a tutti coloro che non ci hanno mai fatto mancare sostegno e incoraggiamento, anche in questi ultimi difficili giorni: il pubblico, i collaboratori, le numerose associazioni, festival e eventi culturali amici, le istituzioni e il paese di Bardineto. Tutto questo \u00e8 per noi di grande stimolo a portare avanti il nostro progetto&#8221;. <\/p>\n<p>Problemi logistici, burocrazia soffocante o pressing degli sponsor? Sulla decisione di sospendere BCC 2012, sino a pochi giorni fa in programma dal 22 al 25 agosto, non \u00e8 ancora giunta una motivazione ufficiale o definitiva. Spiegano gli organizzatori della rassegna: &#8220;La scelta di mantenere un certo riserbo, anche sulle motivazioni della nostra decisione, risponde alla volont\u00e0 di non alimentare sterili polemiche. Per questo motivo, riteniamo giusto dissentire e prendere le distanze da provocazioni apparse su social network e alcuni media. Ci amareggia leggere certi commenti, specialmente quando questi vengono fatti da persone che ricoprono ruoli pubblici in istituzioni e associazioni del territorio che ospita il festival&#8221;. <\/p>\n<p>&#8220;Non abbiamo nessuna intenzione di rispondere puntualmente a insinuazioni o calunnie prive di fondamento e non supportate da alcun elemento concreto. Le condanniamo con forza e difendiamo la natura dell&#8217;Associazione Balla Coi Cinghiali, che \u00e8 senza scopo di lucro ed \u00e8 formata da soli volontari, cos\u00ec come difendiamo le tantissime persone, del nostro territorio e non solo, che invece credono nel festival e partecipano concretamente, e a titolo gratuito, alla sua organizzazione&#8221; puntualizzano gli organizzatori di Balla Coi Cinghiali. <\/p>\n<p>&#8220;In questi giorni \u00e8 in corso un dialogo con rappresentanti delle istituzioni che ci porter\u00e0 a dettagliare maggiormente la nostra posizione. Lo spirito di BCC \u00e8 immutato. Non cediamo alla stupidit\u00e0 e al qualunquismo di chi parla senza cognizione di causa&#8221; concludono.<\/p>\n<p>Nato nell\u2019agosto del 2002 a Bardineto, tra le colline dell\u2019entroterra Savonese, grazie all\u2019iniziativa di un piccolo gruppo di amici, il Festival Balla Coi Cinghiali ha ospitato negli anni artisti di spicco del panorama musicale indipendente, tra i quali Roy Paci &#038; Aretuska, Verdena, Teatro degli Orrori e Motel Connection, diventando un appuntamento fisso per gli appassionati di musica live, che nel corso dell\u2019edizione 2011, la decima, sono accorsi in circa 70.000 da tutta Italia e dall\u2019estero.<\/p>\n","protected":false},"excerpt":{"rendered":"<p>Bardineto. Mentre sui social network si moltiplicano le iniziative per mantenere Balla Coi Cinghiali sul territorio, fioccano anche commenti critici e spunti polemici. Ai quali gli organizzatori della rassegna, il cui stop ha subito suscitato un polverone, rispondono attraverso Facebook. &#8220;Cari cinghiali &#8211; scrivono in un post &#8211; Un sincero ringraziamento va a tutti coloro [&hellip;]<\/p>\n","protected":false},"author":13744,"featured_media":0,"comment_status":"open","ping_status":"closed","sticky":false,"template":"","format":"standard","meta":{"footnotes":""},"categories":[56],"tags":[7468,85878,620,826,241],"class_list":["post-216427","post","type-post","status-publish","format-standard","hentry","category-altre","tag-balla-coi-cinghiali","tag-bardineto","tag-concerti","tag-musica","tag-rassegna","post_cat_citta-andora","post_cat_citta-bardineto"],"amp_validity":null,"amp_enabled":true,"_links":{"self":[{"href":"https:\/\/staging.ivg.it\/ediapi\/wp\/v2\/posts\/216427","targetHints":{"allow":["GET"]}}],"collection":[{"href":"https:\/\/staging.ivg.it\/ediapi\/wp\/v2\/posts"}],"about":[{"href":"https:\/\/staging.ivg.it\/ediapi\/wp\/v2\/types\/post"}],"author":[{"embeddable":true,"href":"https:\/\/staging.ivg.it\/ediapi\/wp\/v2\/users\/13744"}],"replies":[{"embeddable":true,"href":"https:\/\/staging.ivg.it\/ediapi\/wp\/v2\/comments?post=216427"}],"version-history":[{"count":0,"href":"https:\/\/staging.ivg.it\/ediapi\/wp\/v2\/posts\/216427\/revisions"}],"wp:attachment":[{"href":"https:\/\/staging.ivg.it\/ediapi\/wp\/v2\/media?parent=216427"}],"wp:term":[{"taxonomy":"category","embeddable":true,"href":"https:\/\/staging.ivg.it\/ediapi\/wp\/v2\/categories?post=216427"},{"taxonomy":"post_tag","embeddable":true,"href":"https:\/\/staging.ivg.it\/ediapi\/wp\/v2\/tags?post=216427"}],"curies":[{"name":"wp","href":"https:\/\/api.w.org\/{rel}","templated":true}]}}