{"id":216313,"date":"2012-04-30T10:17:27","date_gmt":"2012-04-30T08:17:27","guid":{"rendered":"http:\/\/www.ivg.it\/?p=216313"},"modified":"2012-04-30T11:52:40","modified_gmt":"2012-04-30T09:52:40","slug":"negozi-aperti-il-primo-maggio-protesta-della-cgil-con-volantinaggio-davanti-ai-centri-commerciali-savonesi","status":"publish","type":"post","link":"https:\/\/staging.ivg.it\/2012\/04\/negozi-aperti-il-primo-maggio-protesta-della-cgil-con-volantinaggio-davanti-ai-centri-commerciali-savonesi\/","title":{"rendered":"Negozi aperti il Primo Maggio: protesta della Cgil con volantinaggio davanti ai centri commerciali savonesi"},"content":{"rendered":"<p><strong>Savona.<\/strong> Volantinaggio pre-manifestazione del Primo Maggio ai centri commercilai &#8220;Le Officine&#8221; e &#8220;Molo 8.44&#8221;: l&#8217;iniziativa \u00e8 della Cgil savonese per protestare contro l&#8217;apertura dei negozi che &#8211; si legge nel volantino &#8211; &#8220;rischia di cancellare il valore storico e sociale di una delle principali festivit\u00e0  legate alla storia d\u2019Italia e all\u2019emancipazione in senso generale&#8221;. <\/p>\n<p>&#8220;Dopo Pasqua, Pasquetta e 25 Aprile, anche il primo Maggio diventa una giornata dedicata agli acquisti ed al consumo e non pi\u00f9 alla cultura, alla socialit\u00e0, alla famiglia &#8211; si legge ancora &#8211; Molte, troppe catene della grande distribuzione, oggi sono aperte nonostante le proteste dei lavoratori e delle lavoratrici e la contrariet\u00e0 di alcune amministrazioni locali. Non ci sono ragioni economiche cos\u00ec forti e dominanti per sacrificare la Festa del Lavoro, si mercifica e si svuota il senso di questa giornata affermando un falso principio: che nulla ha pi\u00f9 valore davanti alle ragioni economiche e che la societ\u00e0 \u00e8 libera se \u00e8 libera di consumare in ogni luogo, in ogni ora e giorno della settimana&#8221;.<\/p>\n<p>&#8220;Nella manovra Salva Italia che ha liberalizzato gli orari e le aperture manca un vero e proprio obiettivo, deve essere invece avviata una riflessione per decidere dove portare il settore, come si vuole riorganizzare la societ\u00e0 ripensando i modelli di riferimento. Non ci si pu\u00f2 far trascinare solo dai mercati e dalla crisi&#8221;, sostiene la Cgil Savona.<\/p>\n","protected":false},"excerpt":{"rendered":"<p>Savona. Volantinaggio pre-manifestazione del Primo Maggio ai centri commercilai &#8220;Le Officine&#8221; e &#8220;Molo 8.44&#8221;: l&#8217;iniziativa \u00e8 della Cgil savonese per protestare contro l&#8217;apertura dei negozi che &#8211; si legge nel volantino &#8211; &#8220;rischia di cancellare il valore storico e sociale di una delle principali festivit\u00e0 legate alla storia d\u2019Italia e all\u2019emancipazione in senso generale&#8221;. &#8220;Dopo [&hellip;]<\/p>\n","protected":false},"author":13744,"featured_media":0,"comment_status":"open","ping_status":"closed","sticky":false,"template":"","format":"standard","meta":{"footnotes":""},"categories":[56],"tags":[507,9294,85850],"class_list":["post-216313","post","type-post","status-publish","format-standard","hentry","category-altre","tag-cgil","tag-primo-maggio","tag-savona","post_cat_citta-savona"],"amp_validity":null,"amp_enabled":true,"_links":{"self":[{"href":"https:\/\/staging.ivg.it\/ediapi\/wp\/v2\/posts\/216313","targetHints":{"allow":["GET"]}}],"collection":[{"href":"https:\/\/staging.ivg.it\/ediapi\/wp\/v2\/posts"}],"about":[{"href":"https:\/\/staging.ivg.it\/ediapi\/wp\/v2\/types\/post"}],"author":[{"embeddable":true,"href":"https:\/\/staging.ivg.it\/ediapi\/wp\/v2\/users\/13744"}],"replies":[{"embeddable":true,"href":"https:\/\/staging.ivg.it\/ediapi\/wp\/v2\/comments?post=216313"}],"version-history":[{"count":0,"href":"https:\/\/staging.ivg.it\/ediapi\/wp\/v2\/posts\/216313\/revisions"}],"wp:attachment":[{"href":"https:\/\/staging.ivg.it\/ediapi\/wp\/v2\/media?parent=216313"}],"wp:term":[{"taxonomy":"category","embeddable":true,"href":"https:\/\/staging.ivg.it\/ediapi\/wp\/v2\/categories?post=216313"},{"taxonomy":"post_tag","embeddable":true,"href":"https:\/\/staging.ivg.it\/ediapi\/wp\/v2\/tags?post=216313"}],"curies":[{"name":"wp","href":"https:\/\/api.w.org\/{rel}","templated":true}]}}