{"id":216265,"date":"2012-04-28T12:45:46","date_gmt":"2012-04-28T10:45:46","guid":{"rendered":"http:\/\/www.ivg.it\/?p=216265"},"modified":"2012-04-28T12:45:46","modified_gmt":"2012-04-28T10:45:46","slug":"elezioni-cairo-politiche-ambientali-lunedi-latteso-faccia-a-faccia-tra-i-candidati-sindaco-senza-rota","status":"publish","type":"post","link":"https:\/\/staging.ivg.it\/2012\/04\/elezioni-cairo-politiche-ambientali-lunedi-latteso-faccia-a-faccia-tra-i-candidati-sindaco-senza-rota\/","title":{"rendered":"Elezioni Cairo, politiche ambientali: luned\u00ec l&#8217;atteso faccia a faccia tra i candidati sindaco (senza Rota)"},"content":{"rendered":"<p><strong>Cairo M. <\/strong>Tutto pronto a Cairo per il faccia a faccia tra i candidati alla poltrona di sindaco in programma per luned\u00ec 30 aprile, alle 20,45, a Palazzo di Citt\u00e0, nel Teatro Comunale. L&#8217;incontro pubblico sar\u00e0 orfano del candidato Felice Rota &#8220;per impegni presi in precedenza all\u2019organizzazione dell\u2019incontro, con diversi incontri e appuntamenti gi\u00e0 fissati nel rush finale della campagna elettorale&#8221;.<\/p>\n<p>Al confronto sulle politiche a tutela dell\u2019ambiente,organizzato in vista delle prossime elezioni amministrative dalla Sezione Soci Coop Liguria di Cairo Montenotte, saranno presenti quindi, salvo sorprese, Fulvio Briano, Marco Pelazza e Giorgio Cavallero. A moderare l\u2019incontro, aperto a tutta la cittadinanza, sar\u00e0 il giornalista Gilberto Volpara di Primocanale.<\/p>\n","protected":false},"excerpt":{"rendered":"<p>Cairo M. Tutto pronto a Cairo per il faccia a faccia tra i candidati alla poltrona di sindaco in programma per luned\u00ec 30 aprile, alle 20,45, a Palazzo di Citt\u00e0, nel Teatro Comunale. L&#8217;incontro pubblico sar\u00e0 orfano del candidato Felice Rota &#8220;per impegni presi in precedenza all\u2019organizzazione dell\u2019incontro, con diversi incontri e appuntamenti gi\u00e0 fissati [&hellip;]<\/p>\n","protected":false},"author":13744,"featured_media":0,"comment_status":"open","ping_status":"closed","sticky":false,"template":"","format":"standard","meta":{"footnotes":""},"categories":[31],"tags":[151,218,20306],"class_list":["post-216265","post","type-post","status-publish","format-standard","hentry","category-politica","tag-cairo","tag-elezioni","tag-faccia-a-faccia","post_cat_citta-cairo-montenotte"],"amp_validity":null,"amp_enabled":true,"_links":{"self":[{"href":"https:\/\/staging.ivg.it\/ediapi\/wp\/v2\/posts\/216265","targetHints":{"allow":["GET"]}}],"collection":[{"href":"https:\/\/staging.ivg.it\/ediapi\/wp\/v2\/posts"}],"about":[{"href":"https:\/\/staging.ivg.it\/ediapi\/wp\/v2\/types\/post"}],"author":[{"embeddable":true,"href":"https:\/\/staging.ivg.it\/ediapi\/wp\/v2\/users\/13744"}],"replies":[{"embeddable":true,"href":"https:\/\/staging.ivg.it\/ediapi\/wp\/v2\/comments?post=216265"}],"version-history":[{"count":0,"href":"https:\/\/staging.ivg.it\/ediapi\/wp\/v2\/posts\/216265\/revisions"}],"wp:attachment":[{"href":"https:\/\/staging.ivg.it\/ediapi\/wp\/v2\/media?parent=216265"}],"wp:term":[{"taxonomy":"category","embeddable":true,"href":"https:\/\/staging.ivg.it\/ediapi\/wp\/v2\/categories?post=216265"},{"taxonomy":"post_tag","embeddable":true,"href":"https:\/\/staging.ivg.it\/ediapi\/wp\/v2\/tags?post=216265"}],"curies":[{"name":"wp","href":"https:\/\/api.w.org\/{rel}","templated":true}]}}