{"id":215786,"date":"2012-04-20T18:21:27","date_gmt":"2012-04-20T16:21:27","guid":{"rendered":"http:\/\/www.ivg.it\/?p=215786"},"modified":"2012-04-20T18:29:45","modified_gmt":"2012-04-20T16:29:45","slug":"regione-lassessore-rambaudi-a-bruxelles-presenta-legge-anziani","status":"publish","type":"post","link":"https:\/\/staging.ivg.it\/2012\/04\/regione-lassessore-rambaudi-a-bruxelles-presenta-legge-anziani\/","title":{"rendered":"Regione, l&#8217;assessore Rambaudi a Bruxelles presenta legge anziani"},"content":{"rendered":"<p><strong>Regione.<\/strong> Come promuovere la partecipazione degli anziani nella societ\u00e0, favorendo la conoscenza e la diffusione in Europa di buone pratiche legate alla solidariet\u00e0 tra generazioni e a un ruolo attivo degli over 65 enni. Di questo si parler\u00e0 nel convegno di luned\u00ec 23 aprile previsto a Bruxelles dal titolo &#8220;Solidariet\u00e0 tra generazioni: dalle buone pratiche regionali alle politiche&#8221; organizzato dalla commissione economica e sociale del comitato delle Regioni europee. <\/p>\n<p>Al convegno interverranno anche Lorena Rambaudi assessore regionale alle politiche sociali che presenter\u00e0 la legge sull&#8217;invecchiamento attivo, Antonio Guerci docente dell&#8217;Universit\u00e0 di Genova e Umberto Marciasini dell&#8217;associazione Auser insieme ad esperti di altri paesi europei. Nel corso dell&#8217;incontro verranno presentati e discussi alcuni casi di buone pratiche di alcune regioni europee, tra cui la Liguria con il progetto &#8216;Eta&#8217; libera: nuove professioni e attivit\u00e0 innovative per l&#8217;esportazione del modello regional\u00e9. In Liguria gli over 65 enni sono 433.408 pari al 26,8% della popolazione. Savona risulta essere la provincia pi\u00f9 anziana con il 27,3% di over 65 enni, seguita da Genova con il 26,8%, La Spezia con il 26,6% e Imperia con il 26,2%.<\/p>\n","protected":false},"excerpt":{"rendered":"<p>Regione. Come promuovere la partecipazione degli anziani nella societ\u00e0, favorendo la conoscenza e la diffusione in Europa di buone pratiche legate alla solidariet\u00e0 tra generazioni e a un ruolo attivo degli over 65 enni. Di questo si parler\u00e0 nel convegno di luned\u00ec 23 aprile previsto a Bruxelles dal titolo &#8220;Solidariet\u00e0 tra generazioni: dalle buone pratiche [&hellip;]<\/p>\n","protected":false},"author":13744,"featured_media":0,"comment_status":"open","ping_status":"closed","sticky":false,"template":"","format":"standard","meta":{"footnotes":""},"categories":[31],"tags":[937,2944,295],"class_list":["post-215786","post","type-post","status-publish","format-standard","hentry","category-politica","tag-anziani","tag-lorena-rambaudi","tag-regione","post_cat_citta-andora"],"amp_validity":null,"amp_enabled":true,"_links":{"self":[{"href":"https:\/\/staging.ivg.it\/ediapi\/wp\/v2\/posts\/215786","targetHints":{"allow":["GET"]}}],"collection":[{"href":"https:\/\/staging.ivg.it\/ediapi\/wp\/v2\/posts"}],"about":[{"href":"https:\/\/staging.ivg.it\/ediapi\/wp\/v2\/types\/post"}],"author":[{"embeddable":true,"href":"https:\/\/staging.ivg.it\/ediapi\/wp\/v2\/users\/13744"}],"replies":[{"embeddable":true,"href":"https:\/\/staging.ivg.it\/ediapi\/wp\/v2\/comments?post=215786"}],"version-history":[{"count":0,"href":"https:\/\/staging.ivg.it\/ediapi\/wp\/v2\/posts\/215786\/revisions"}],"wp:attachment":[{"href":"https:\/\/staging.ivg.it\/ediapi\/wp\/v2\/media?parent=215786"}],"wp:term":[{"taxonomy":"category","embeddable":true,"href":"https:\/\/staging.ivg.it\/ediapi\/wp\/v2\/categories?post=215786"},{"taxonomy":"post_tag","embeddable":true,"href":"https:\/\/staging.ivg.it\/ediapi\/wp\/v2\/tags?post=215786"}],"curies":[{"name":"wp","href":"https:\/\/api.w.org\/{rel}","templated":true}]}}