{"id":215776,"date":"2012-04-20T17:27:58","date_gmt":"2012-04-20T15:27:58","guid":{"rendered":"http:\/\/www.ivg.it\/?p=215776"},"modified":"2012-04-20T17:27:58","modified_gmt":"2012-04-20T15:27:58","slug":"lavoro-in-provincia-di-savona-cassa-integrazione-straordinaria-record-11625","status":"publish","type":"post","link":"https:\/\/staging.ivg.it\/2012\/04\/lavoro-in-provincia-di-savona-cassa-integrazione-straordinaria-record-11625\/","title":{"rendered":"Lavoro, in provincia di Savona cassa integrazione straordinaria record: +1162,5%"},"content":{"rendered":"<p><strong>Savona<\/strong>. In un mese, tra febbraio e marzo, la cassa integrazione straordinaria ha fatto registrare un incremento del 1162,5%, arrivando a 415.373 ore, a febbraio erano 32.900; quella ordinaria ha segnato un incremento del 146,3% pari a 89.947 ore a marzo contro le 36.512 di febbraio e quella in deroga \u00e8 salita del 251,4% pari a 131.357 ore di marzo contro le 37.384. I lavoratori che hanno usufruito, a zero ore-mese, degli ammortizzatori sono passati dai 617 di febbraio ai 3.680. I dati sono stati diffusi dalla direzione provinciale dell&#8217;Inps di Savona.<\/p>\n<p>&#8220;Questi numeri sono indicatori &#8211; spiega il presidente dell&#8217;Inps provinciale, Gian Carlo Battaglino &#8211; di una economia savonese in recessione, con una vertiginosa caduta dell&#8217;attivit\u00e0 lavorativa. Se a questi numeri, gi\u00e0 preoccupanti, aggiungiamo i dati della disoccupazione e della mobilit\u00e0 possiamo affermare che l&#8217;economia locale sta vivendo il periodo di crisi pi\u00f9 acuta dal 2008, anno in cui \u00e8 iniziata la crisi&#8221;.<\/p>\n","protected":false},"excerpt":{"rendered":"<p>Savona. In un mese, tra febbraio e marzo, la cassa integrazione straordinaria ha fatto registrare un incremento del 1162,5%, arrivando a 415.373 ore, a febbraio erano 32.900; quella ordinaria ha segnato un incremento del 146,3% pari a 89.947 ore a marzo contro le 36.512 di febbraio e quella in deroga \u00e8 salita del 251,4% pari [&hellip;]<\/p>\n","protected":false},"author":13744,"featured_media":0,"comment_status":"open","ping_status":"closed","sticky":false,"template":"","format":"standard","meta":{"footnotes":""},"categories":[35],"tags":[1526,2970,509,1013,85850],"class_list":["post-215776","post","type-post","status-publish","format-standard","hentry","category-economia","tag-cassa-integrazione","tag-inps","tag-lavoro","tag-occupazione","tag-savona","post_cat_citta-savona"],"amp_validity":null,"amp_enabled":true,"_links":{"self":[{"href":"https:\/\/staging.ivg.it\/ediapi\/wp\/v2\/posts\/215776","targetHints":{"allow":["GET"]}}],"collection":[{"href":"https:\/\/staging.ivg.it\/ediapi\/wp\/v2\/posts"}],"about":[{"href":"https:\/\/staging.ivg.it\/ediapi\/wp\/v2\/types\/post"}],"author":[{"embeddable":true,"href":"https:\/\/staging.ivg.it\/ediapi\/wp\/v2\/users\/13744"}],"replies":[{"embeddable":true,"href":"https:\/\/staging.ivg.it\/ediapi\/wp\/v2\/comments?post=215776"}],"version-history":[{"count":0,"href":"https:\/\/staging.ivg.it\/ediapi\/wp\/v2\/posts\/215776\/revisions"}],"wp:attachment":[{"href":"https:\/\/staging.ivg.it\/ediapi\/wp\/v2\/media?parent=215776"}],"wp:term":[{"taxonomy":"category","embeddable":true,"href":"https:\/\/staging.ivg.it\/ediapi\/wp\/v2\/categories?post=215776"},{"taxonomy":"post_tag","embeddable":true,"href":"https:\/\/staging.ivg.it\/ediapi\/wp\/v2\/tags?post=215776"}],"curies":[{"name":"wp","href":"https:\/\/api.w.org\/{rel}","templated":true}]}}