{"id":215772,"date":"2012-04-20T17:09:07","date_gmt":"2012-04-20T15:09:07","guid":{"rendered":"http:\/\/www.ivg.it\/?p=215772"},"modified":"2012-04-21T10:31:40","modified_gmt":"2012-04-21T08:31:40","slug":"cantieri-rodriquez-burlando-abbiamo-fatto-tutto-ora-presentazione-progetto","status":"publish","type":"post","link":"https:\/\/staging.ivg.it\/2012\/04\/cantieri-rodriquez-burlando-abbiamo-fatto-tutto-ora-presentazione-progetto\/","title":{"rendered":"Cantieri Rodriquez, Burlando: &#8220;Abbiamo fatto tutto, ora presentazione progetto&#8221;"},"content":{"rendered":"<p><strong>Pietra Ligure<\/strong>. Ancora attesa per la presentazione del progetto per le aree dell&#8217;ex cantiere Rodriquez da parte del gruppo Colaninno. &#8220;Abbiamo fatto tutto quello che dovevamo fare &#8211; ha detto il governatore regionale Claudio Burlando &#8211; Se parte il progetto, che deve essere presentato ora, si concretizzerebbe subito un inserimento industriale, fatto importante nel tessuto economico savonese in crisi, e allo stesso tempo la riqualificazione di un&#8217;area a fini turistici. Quella zona, cos\u00ec come \u00e8 ora, \u00e8 fuori luogo&#8221;.<\/p>\n<p>A inizio marzo il gruppo proprietario delle aree in un incontro in Regione, con la partecipazione del sindaco De Vincenzi, aveva dato conferma dell&#8217;impegno progettuale. &#8220;Ci avevano posto un problema sullo scorporo delle concessioni demaniali. Ma a prescindere da questo, si erano presi l&#8217;impegno di presentare la documentazione al Comune &#8211; precisa il vicepresidente regionale Marylin Fusco &#8211; Siamo al progetto definitivo, che va depositato&#8221;.<\/p>\n<p>Il passaggio \u00e8 necessario: Colaninno deve presentare ufficialmente il progetto al Comune pietrese per la trasformazione del distretto da 50 mila metri quadri sul mare. Intanto, i lavoratori sono preoccupati per la scadenza della cassa integrazione e i cantieri scuola-lavoro.<\/p>\n","protected":false},"excerpt":{"rendered":"<p>Pietra Ligure. Ancora attesa per la presentazione del progetto per le aree dell&#8217;ex cantiere Rodriquez da parte del gruppo Colaninno. &#8220;Abbiamo fatto tutto quello che dovevamo fare &#8211; ha detto il governatore regionale Claudio Burlando &#8211; Se parte il progetto, che deve essere presentato ora, si concretizzerebbe subito un inserimento industriale, fatto importante nel tessuto [&hellip;]<\/p>\n","protected":false},"author":13744,"featured_media":0,"comment_status":"open","ping_status":"closed","sticky":false,"template":"","format":"standard","meta":{"footnotes":""},"categories":[35,31],"tags":[823,670,295,840],"class_list":["post-215772","post","type-post","status-publish","format-standard","hentry","category-economia","category-politica","tag-cantiere","tag-pietra","tag-regione","tag-rodriquez","post_cat_citta-pietra-ligure"],"amp_validity":null,"amp_enabled":true,"_links":{"self":[{"href":"https:\/\/staging.ivg.it\/ediapi\/wp\/v2\/posts\/215772","targetHints":{"allow":["GET"]}}],"collection":[{"href":"https:\/\/staging.ivg.it\/ediapi\/wp\/v2\/posts"}],"about":[{"href":"https:\/\/staging.ivg.it\/ediapi\/wp\/v2\/types\/post"}],"author":[{"embeddable":true,"href":"https:\/\/staging.ivg.it\/ediapi\/wp\/v2\/users\/13744"}],"replies":[{"embeddable":true,"href":"https:\/\/staging.ivg.it\/ediapi\/wp\/v2\/comments?post=215772"}],"version-history":[{"count":0,"href":"https:\/\/staging.ivg.it\/ediapi\/wp\/v2\/posts\/215772\/revisions"}],"wp:attachment":[{"href":"https:\/\/staging.ivg.it\/ediapi\/wp\/v2\/media?parent=215772"}],"wp:term":[{"taxonomy":"category","embeddable":true,"href":"https:\/\/staging.ivg.it\/ediapi\/wp\/v2\/categories?post=215772"},{"taxonomy":"post_tag","embeddable":true,"href":"https:\/\/staging.ivg.it\/ediapi\/wp\/v2\/tags?post=215772"}],"curies":[{"name":"wp","href":"https:\/\/api.w.org\/{rel}","templated":true}]}}