{"id":215637,"date":"2012-04-18T23:33:24","date_gmt":"2012-04-18T21:33:24","guid":{"rendered":"http:\/\/www.ivg.it\/?p=215637"},"modified":"2012-04-19T14:40:49","modified_gmt":"2012-04-19T12:40:49","slug":"len-euro-cup-rizzo-e-pisano-concordano-al-ritorno-loro-riavranno-perez-sara-dura","status":"publish","type":"post","link":"https:\/\/staging.ivg.it\/2012\/04\/len-euro-cup-rizzo-e-pisano-concordano-al-ritorno-loro-riavranno-perez-sara-dura\/","title":{"rendered":"Len Euro Cup, Rizzo e Pisano concordano: &#8220;Al ritorno loro riavranno Perez, sar\u00e0 dura&#8221;"},"content":{"rendered":"<p><strong>Savona<\/strong>. La met\u00e0 delle reti segnate dalla Carisa nella partita appena vinta sul Sabadell portano la sua firma, ma Valerio Rizzo glissa sulla sua prestazione e pone l&#8217;accento sulla prova di squadra: &#8220;E&#8217; stata una Rari concentrata, una Rari che arrivava all&#8217;ennesima finale di coppa dopo una stagione fino ad ora molto positiva. Ora resta da fare l&#8217;ultimo gradino e per fortuna siamo riusciti a costruire un buon margine di vantaggio. Come sempre per\u00f2 nei casi di queste partite doppie, non si pu\u00f2 pensare di aver gi\u00e0 chiuso i conti, soprattutto con il ritorno nella loro vasca, molto calda&#8221;.<\/p>\n<p>Il risultato soddisfa il giocatore savonese che per\u00f2, con onest\u00e0, rimarca la pesante assenza tra gli ospiti, quella di Perez. &#8220;Cinque reti di vantaggio sono una buona dote &#8211; afferma -. Meglio cinque che una, \u00e8 una cosa scontata. Per\u00f2 questa sera il Sabadell era privo del suo giocatore di punta, Perez, un centroboa che ancora adesso a 41 anni gioca alla grande. Soprattutto con lui in acqua hanno un modo di giocare molto fastidioso. Il ritorno sar\u00e0 tutta un&#8217;altra partita&#8221;.<\/p>\n<p>Riguardo al calo all&#8217;inizio dell&#8217;ultima frazione, quando i catalani hanno infilato un parziale di 3 a 0, Rizzo la vede cos\u00ec: &#8220;Abbiamo continuato a nuotare avanti e indietro, come prevede il nostro gioco, e cercare di ripartire, ma eravamo molto stanchi perch\u00e9 loro sono una squadra che si fa sentire fisicamente. Loro si sono ripresi, hanno azzeccato qualche goal a uomo in pi\u00f9&#8221;.<\/p>\n<p>L&#8217;allenatore Andrea Pisano \u00e8 sulla stessa lunghezza d&#8217;onda: contento per la prova, ma consapevole del vantaggio avuto grazie all&#8217;assenza dell&#8217;uomo di punta dei rivali. &#8220;Era una partita gi\u00e0 difficile in partenza &#8211; dichiara -. A loro, all&#8217;ultimo momento, \u00e8 mancato il centroboa titolare. Noi avevamo preparato praticamente due tipologie di partita: con e senza Perez. La sua assenza ha portato molte variabili nel loro gioco. Portavano dentro un po&#8217; tutti quanti e hanno potuto giocare molto di pi\u00f9 sul nuoto. I miei giocatori sono stati molto bravi a frenare tutte le situazioni che creavano loro e a portarsi in attacco con veemenza. Dispiace per l&#8217;ultimo goal, perch\u00e9 le sei reti di scarto ci sono state quasi per tutta la partita e sappiamo perfettamente che un goal in pi\u00f9 \u00e8 oro che cola&#8221;.<\/p>\n<p>Nell&#8217;ottica del doppio confronto, Pisano mostra prudenza: &#8220;E&#8217; completamente aperta &#8211; dice -. Abbiamo visto in semifinale con il Posillipo, dopo che all&#8217;andata avevamo vinto di quattro reti. In Spagna ci sar\u00e0 un tifo bestiale, loro avranno di nuovo Perez. Sar\u00e0 una fatica fisica e mentale&#8221;.<\/p>\n<p>Alla Zanelli \u00e8 mancato il tutto esaurito, ma l&#8217;allenatore savonese non critica gli assenti, bens\u00ec loda i presenti: &#8220;Ovviamente se ci sono delle partite di calcio di cartellone, posso anche capire che la gente faccia delle scelte. Per\u00f2, da bordo vasca, l&#8217;impressione era che tutti quelli che c&#8217;erano tifassero a gran voce, era come se la piscina fosse piena&#8221;.<\/p>\n","protected":false},"excerpt":{"rendered":"<p>Savona. La met\u00e0 delle reti segnate dalla Carisa nella partita appena vinta sul Sabadell portano la sua firma, ma Valerio Rizzo glissa sulla sua prestazione e pone l&#8217;accento sulla prova di squadra: &#8220;E&#8217; stata una Rari concentrata, una Rari che arrivava all&#8217;ennesima finale di coppa dopo una stagione fino ad ora molto positiva. Ora resta [&hellip;]<\/p>\n","protected":false},"author":13744,"featured_media":0,"comment_status":"open","ping_status":"closed","sticky":false,"template":"","format":"standard","meta":{"footnotes":""},"categories":[32],"tags":[11336,29410,36262,166,85850,3971],"class_list":["post-215637","post","type-post","status-publish","format-standard","hentry","category-sport","tag-andrea-pisano","tag-carisa-savona","tag-len-euro-cup","tag-pallanuoto","tag-savona","tag-valerio-rizzo","post_cat_citta-savona"],"amp_validity":null,"amp_enabled":true,"_links":{"self":[{"href":"https:\/\/staging.ivg.it\/ediapi\/wp\/v2\/posts\/215637","targetHints":{"allow":["GET"]}}],"collection":[{"href":"https:\/\/staging.ivg.it\/ediapi\/wp\/v2\/posts"}],"about":[{"href":"https:\/\/staging.ivg.it\/ediapi\/wp\/v2\/types\/post"}],"author":[{"embeddable":true,"href":"https:\/\/staging.ivg.it\/ediapi\/wp\/v2\/users\/13744"}],"replies":[{"embeddable":true,"href":"https:\/\/staging.ivg.it\/ediapi\/wp\/v2\/comments?post=215637"}],"version-history":[{"count":0,"href":"https:\/\/staging.ivg.it\/ediapi\/wp\/v2\/posts\/215637\/revisions"}],"wp:attachment":[{"href":"https:\/\/staging.ivg.it\/ediapi\/wp\/v2\/media?parent=215637"}],"wp:term":[{"taxonomy":"category","embeddable":true,"href":"https:\/\/staging.ivg.it\/ediapi\/wp\/v2\/categories?post=215637"},{"taxonomy":"post_tag","embeddable":true,"href":"https:\/\/staging.ivg.it\/ediapi\/wp\/v2\/tags?post=215637"}],"curies":[{"name":"wp","href":"https:\/\/api.w.org\/{rel}","templated":true}]}}