{"id":215578,"date":"2012-04-18T10:51:30","date_gmt":"2012-04-18T08:51:30","guid":{"rendered":"http:\/\/www.ivg.it\/?p=215578"},"modified":"2012-04-18T13:34:48","modified_gmt":"2012-04-18T11:34:48","slug":"balneari-a-roma-per-manifestare-schiappapietra-e-momento-difficile-con-la-regione-pensiamo-a-regolare-lapertura-annuale-degli-stabilimenti","status":"publish","type":"post","link":"https:\/\/staging.ivg.it\/2012\/04\/balneari-a-roma-per-manifestare-schiappapietra-e-momento-difficile-con-la-regione-pensiamo-a-regolare-lapertura-annuale-degli-stabilimenti\/","title":{"rendered":"Balneari a Roma, Schiappapietra: &#8220;Momento difficile, con Regione pensiamo all&#8217;apertura annuale degli stabilimenti&#8221;"},"content":{"rendered":"<p><strong>Savona<\/strong>. Nel giorno in cui i balneari sono a Roma, riuniti nel Palazzo dei Congressi dell&#8217;Eur, per ribadire il loro &#8220;no alle aste&#8221;, il presidente del Sib Enrico Schiappapietra fa il punto sulla stagione che sta per cominciare: &#8220;Per noi comincia in salita perch\u00e9 effettivamente noi vendiamo un bene voluttuario e la partita economica \u00e8 difficile per tutti. Dovremo cercare di fare degli sforzi importanti per presentarci al meglio&#8221;.<\/p>\n<p>&#8220;Certo \u00e8 che siamo un p\u00f2 in difficolt\u00e0 dal punto di vista amministrativo: stiamo lavorando molto con quelle locali perch\u00e9 gli stabilimenti balneari siano accoglienti, cos\u00ec come le passeggiate a mare e le strutture adiacenti&#8221; spiega il numero uno del Sib che a proposito dei dati dulle presenze osserva: &#8220;Il nostro \u00e8 sempre pi\u00f9 un turismo mordi e fuggi e quindi dell&#8217;ultimo momento e dell&#8217;ultima ora. E&#8217; difficile fare un&#8217;analisi a priori di quello che succeder\u00e0 nei weekend successivi. Certamente siamo molto legati alle condizioni metereologiche&#8221;.<\/p>\n<p>&#8220;La Primavera \u00e8 il momento in cui si ha pi\u00f9 voglia di riprendere contatto con il mare, la spiaggia e la stagione estiva, ma certamente \u00e8 molto legata alle condizioni meteo. Le premesse comunque sono buone: adesso arriva un ponte lungo e ci aspettiamo sicuramente delle presenze importanti&#8221; aggiunge Schiappapietra.<\/p>\n<p>Nell&#8217;ottica del miglioramento dell&#8217;offerta turistica i balneari si stanno muovendo attivamente e, a breve, potrebbero arrivare grosse novit\u00e0: &#8220;Abbiamo un&#8217;interessantissima proposta della Regione Liguria che ci ha convocato la settimana scorsa per normare finalmente, ed in maniera unica e definitiva, su tutto il territorio regionale l&#8217;apertura annuale degli stabilimenti balneari. Questo dar\u00e0 la possibilit\u00e0 agli stabilimenti balneari che aderiranno di offrire servizi di accoglienza, seppur minimi in certi periodi, 365 giorni l&#8217;anno&#8221;.<\/p>\n<p>&#8220;Un&#8217;iniziativa che andr\u00e0 a destagionalizzare la nostra offerta. E&#8217; importante perch\u00e9 l&#8217;essere presenti e sempre a disposizione del cliente \u00e8 una di quelle cose che alla Liguria un p\u00f2 mancava. Noi speriamo di riuscire a farlo e farlo al meglio&#8221; spiega il presidente del Sib.<\/p>\n<p>Sul tasto dolente delle concessioni demaniali Schiappapietr precisa: &#8220;L\u00ec siamo sempre in difficolt\u00e0, oggi siamo a Roma accompagnati dai sindaci dei comuni marini. E&#8217; una manifestazione nazionale indetta dai quattro sindacati di categoria e ci riuniamo tutti all&#8217;Eur per fare una presenza importante&#8221;.<\/p>\n<p>&#8220;Avremo inoltre il piacere di avere al nostro fianco le amministrazioni locali che hanno capito la difficolt\u00e0 del problema e il non interesse di nessuno ad andare a rivoluzionare senza delle certezze un settore che tutto sommato ha dato dei risultati importanti all&#8217;economia italiana. E&#8217; un momento delicato per l&#8217;economia locale, italiana e turistica e forse le rivoluzioni quindi sono un p\u00f2 imprudenti di questi tempi&#8221; conclude Schiappapietra.<\/p>\n","protected":false},"excerpt":{"rendered":"<p>Savona. Nel giorno in cui i balneari sono a Roma, riuniti nel Palazzo dei Congressi dell&#8217;Eur, per ribadire il loro &#8220;no alle aste&#8221;, il presidente del Sib Enrico Schiappapietra fa il punto sulla stagione che sta per cominciare: &#8220;Per noi comincia in salita perch\u00e9 effettivamente noi vendiamo un bene voluttuario e la partita economica \u00e8 [&hellip;]<\/p>\n","protected":false},"author":13744,"featured_media":0,"comment_status":"open","ping_status":"closed","sticky":false,"template":"","format":"standard","meta":{"footnotes":""},"categories":[34],"tags":[17436,781,295,85850],"class_list":["post-215578","post","type-post","status-publish","format-standard","hentry","category-cronaca","tag-balneari","tag-protesta","tag-regione","tag-savona","post_cat_citta-savona"],"amp_validity":null,"amp_enabled":true,"_links":{"self":[{"href":"https:\/\/staging.ivg.it\/ediapi\/wp\/v2\/posts\/215578","targetHints":{"allow":["GET"]}}],"collection":[{"href":"https:\/\/staging.ivg.it\/ediapi\/wp\/v2\/posts"}],"about":[{"href":"https:\/\/staging.ivg.it\/ediapi\/wp\/v2\/types\/post"}],"author":[{"embeddable":true,"href":"https:\/\/staging.ivg.it\/ediapi\/wp\/v2\/users\/13744"}],"replies":[{"embeddable":true,"href":"https:\/\/staging.ivg.it\/ediapi\/wp\/v2\/comments?post=215578"}],"version-history":[{"count":0,"href":"https:\/\/staging.ivg.it\/ediapi\/wp\/v2\/posts\/215578\/revisions"}],"wp:attachment":[{"href":"https:\/\/staging.ivg.it\/ediapi\/wp\/v2\/media?parent=215578"}],"wp:term":[{"taxonomy":"category","embeddable":true,"href":"https:\/\/staging.ivg.it\/ediapi\/wp\/v2\/categories?post=215578"},{"taxonomy":"post_tag","embeddable":true,"href":"https:\/\/staging.ivg.it\/ediapi\/wp\/v2\/tags?post=215578"}],"curies":[{"name":"wp","href":"https:\/\/api.w.org\/{rel}","templated":true}]}}