{"id":215575,"date":"2012-04-18T10:14:33","date_gmt":"2012-04-18T08:14:33","guid":{"rendered":"http:\/\/www.ivg.it\/?p=215575"},"modified":"2012-04-18T10:14:33","modified_gmt":"2012-04-18T08:14:33","slug":"tiro-a-segno-massimo-garnero-sul-gradino-piu-alto-del-podio-nella-prova-fuori-uno-di-brescia","status":"publish","type":"post","link":"https:\/\/staging.ivg.it\/2012\/04\/tiro-a-segno-massimo-garnero-sul-gradino-piu-alto-del-podio-nella-prova-fuori-uno-di-brescia\/","title":{"rendered":"Tiro a segno: Massimo Garnero sul gradino pi\u00f9 alto del podio nella prova &#8220;Fuori Uno&#8221; di Brescia"},"content":{"rendered":"<p><strong>Savona<\/strong>. A Brescia, tra gli stand della fiera internazionale Exa, si \u00e8 svolta la Team Cup di tiro a segno.<\/p>\n<p>Nessuna squadra ligure quest\u2019anno era riuscita a classificarsi e ad entrare tra le sedici ammesse alla finale ma ben sei erano i tiratori liguri che per i loro importanti risultati erano entrati nella finale del &#8220;Fuori Uno&#8221;, finale che vede eliminato ad ogni tiro il tiratore che spara il colpo peggiore.<\/p>\n<p>Il risultato finale vede tre liguri sul podio, cos\u00ec classificati: sul terzo gradino Giorgio Spapperi di Chiavari, al secondo posto Arben Pitani di Rapallo, in prima posizione Massimo Garnero di Savona.<\/p>\n<p>Ma non \u00e8 finita, perch\u00e9 subito dopo si \u00e8 svolta la stessa competizione per gli atleti disabili ammessi e in questo campo un altro ligure della sezione di Savona ha scritto il suo nome, terminando la prova con un&#8217;ottima quarta posizione: Luca Rembado.<\/p>\n<p>Agli atleti liguri sono andati il plauso del presidente del Comitato regionale Antonio Giuliani, con tutto il suo consiglio e i complimenti ed un grazie corale di tutti i presidenti delle societ\u00e0 regionali ed in primis Giorgio Novaro di Savona, Antonino Gatto di Rapallo e Armando Oggiano di Chiavari. I risultati prestigiosi sono stati ottenuti anche per il merito degli staff tecnici che lavorano con grande professionalit\u00e0 per preparare i ragazzi a queste importanti competizioni.<\/p>\n","protected":false},"excerpt":{"rendered":"<p>Savona. A Brescia, tra gli stand della fiera internazionale Exa, si \u00e8 svolta la Team Cup di tiro a segno. Nessuna squadra ligure quest\u2019anno era riuscita a classificarsi e ad entrare tra le sedici ammesse alla finale ma ben sei erano i tiratori liguri che per i loro importanti risultati erano entrati nella finale del [&hellip;]<\/p>\n","protected":false},"author":13744,"featured_media":0,"comment_status":"open","ping_status":"closed","sticky":false,"template":"","format":"standard","meta":{"footnotes":""},"categories":[32],"tags":[12195,9530,27368,85850,26459],"class_list":["post-215575","post","type-post","status-publish","format-standard","hentry","category-sport","tag-brescia","tag-luca-rembado","tag-massimo-garnero","tag-savona","tag-tiro-a-segno","post_cat_citta-savona"],"amp_validity":null,"amp_enabled":true,"_links":{"self":[{"href":"https:\/\/staging.ivg.it\/ediapi\/wp\/v2\/posts\/215575","targetHints":{"allow":["GET"]}}],"collection":[{"href":"https:\/\/staging.ivg.it\/ediapi\/wp\/v2\/posts"}],"about":[{"href":"https:\/\/staging.ivg.it\/ediapi\/wp\/v2\/types\/post"}],"author":[{"embeddable":true,"href":"https:\/\/staging.ivg.it\/ediapi\/wp\/v2\/users\/13744"}],"replies":[{"embeddable":true,"href":"https:\/\/staging.ivg.it\/ediapi\/wp\/v2\/comments?post=215575"}],"version-history":[{"count":0,"href":"https:\/\/staging.ivg.it\/ediapi\/wp\/v2\/posts\/215575\/revisions"}],"wp:attachment":[{"href":"https:\/\/staging.ivg.it\/ediapi\/wp\/v2\/media?parent=215575"}],"wp:term":[{"taxonomy":"category","embeddable":true,"href":"https:\/\/staging.ivg.it\/ediapi\/wp\/v2\/categories?post=215575"},{"taxonomy":"post_tag","embeddable":true,"href":"https:\/\/staging.ivg.it\/ediapi\/wp\/v2\/tags?post=215575"}],"curies":[{"name":"wp","href":"https:\/\/api.w.org\/{rel}","templated":true}]}}