{"id":215503,"date":"2012-04-17T12:59:12","date_gmt":"2012-04-17T10:59:12","guid":{"rendered":"http:\/\/www.ivg.it\/?p=215503"},"modified":"2012-04-18T09:25:10","modified_gmt":"2012-04-18T07:25:10","slug":"carisa-riconferme-ai-vertici-e-bilancio-positivo-raffaella-orsero-vicepresidente","status":"publish","type":"post","link":"https:\/\/staging.ivg.it\/2012\/04\/carisa-riconferme-ai-vertici-e-bilancio-positivo-raffaella-orsero-vicepresidente\/","title":{"rendered":"Carisa, riconferme ai vertici e bilancio positivo. Raffaella Orsero vicepresidente"},"content":{"rendered":"<p><strong>Savona<\/strong>. Leggero incremento degli utili, abbondante erogazione dei mutui per l&#8217;acquisto di casa, sostegno alle imprese anche per tamponare gli effetti dei ritardi di pagamento da parte della pubblica amministrazione. Il bilancio della Carisa per il 2011 chiude con segni incoraggianti, mentre il consiglio d&#8217;amministrazione si appresta ad avviare il nuovo corso, per il triennio 2012-2014, con alcune novit\u00e0 come l&#8217;ingresso di Raffaella Orsero e le conferme di Pasquale e Tori, e come consigliere di Giovanni Berneschi (presidente della Carige).<\/p>\n<p>Cos\u00ec Achille Tori, amministratore delegato della banca: &#8220;L&#8217;andamento \u00e8 stato positivo per l&#8217;istituto, con il mantenimento della propria posizione e un leggere incremento. Anche se sulla formazione di nuovo risparmio ha inciso la crisi dei redditi, con meno quote e la riduzione di valore di quei risparmi investiti in obbligazioni statali, depauperati dall&#8217;aumento degli spread&#8221;.<\/p>\n<p>Il bilancio relativo all&#8217;esercizio 2011 ha registrato una raccolta diretta di quasi 1,4 milioni, e indiretta di oltre 1,8 milioni. La raccolta globale cresce del 3,5%, portandosi a 3,2 milioni. La raccolta complessiva di risparmio sul territorio ammonta a 4,5 miliardi.<\/p>\n<p>&#8220;I cittadini sono rimasti spiazzati da questa perdita di valore dei titoli di Stato, sino a ieri percepiti come investimenti senza rischio. E&#8217; aumentata la propensione a sottoscrivere obbligazioni della banca e del gruppo, con scelta delle scadenze. C&#8217;\u00e8 poi una certa propensione al risparmio di tipo assicurativo. Inoltre i tassi bassi hanno agevolato la permanenza di liquidit\u00e0 sui conti&#8221; osserva l&#8217;ad Tori.<\/p>\n<p>&#8220;Per quanto riguarda gli impieghi, li abbiamo incrementati del 9% durante l&#8217;anno, indirizzati prevalentemente alle famiglie per i mutui per l&#8217;acquisto delle abitazioni &#8211; sottolinea Tori &#8211; Il calo si \u00e8 sentito da novembre in poi. Abbiamo poi sostenuto le imprese con operazione pi\u00f9 a medio termine che a breve. Stiamo impegnando oltre 100 milioni in pi\u00f9 rispetto ai depositi che ci vengono dati dal territorio, quindi capitali che provengono dall&#8217;esterno. Non abbiamo mai fatto mancare il credito per sostenere le attivit\u00e0, anticipando anche i crediti che le imprese vantano nei confronti delle pubbliche amministrazioni&#8221;.<\/p>\n<p>Insieme a Tori, al vertice della Cassa di Risparmio di Savona \u00e8 stato riconfermato Luciano Pasquale, presidente. Carige detiene il 96% delle azioni Carisa, il 4% \u00e8 della Fondazione Carisa \u201cDe Mari\u201d. Entra nel cda Raffaella Orsero, che con il fratello Antonio guida il Gf Group ed il neonato marchio della frutta &#8220;Fratelli Orsero&#8221;. &#8220;E&#8217; un consiglio di amministrazione rinnovato in parte, che vede fra l&#8217;altro l&#8217;ingresso di Raffaella Orsero quale vicepresidente &#8211; dice Pasquale &#8211; Il bilancio registra un dato elevato degli impieghi, quindi il sostegno alle famiglie. Carisa si \u00e8 rafforzata, mostrando aderenza ai problemi del territorio e delle imprese. Nelle aree in cui sono presenti gli sportelli, abbiamo gestito la funzione creditizia con prudenza. Le sofferenze sono cresciute, ma la conoscenza approfondita permette di evitare di incorrere in problemi gravi&#8221;.<\/p>\n<p>&#8220;I mutui per l&#8217;acquisto della casa sono cresciuti del 9%. Abbiamo erogato molto, dando sostegno anche quest&#8217;anno per consentire alle famiglie di realizzare obiettivi di vita. Dato molto soddisfacente in questo contesto di crisi. Per uscire, l&#8217;unica possibilit\u00e0 \u00e8 aumentare il lavoro. Deve essere l&#8217;obiettivo primario di tutti&#8221; conclude Pasquale.<\/p>\n<p>Oltre a Pasquale, Tori, Berneschi e la Orsero vicepresidente, il consiglio d&#8217;amministrazione include come consiglieri Vincenzo Bertino, Aldo Dellepiane, Marino Fenocchio, Gianluigi Granero, Marco Mangia, Franca Roveraro e Franco Vazio. E&#8217; stato confermato sindaco effettivo Pierlazzaro Cerruti, subentrato nel maggio del 2011 dopo la scomparsa di Antonio Semeria; nominato sindaco supplente Domenico Sardano.<\/p>\n","protected":false},"excerpt":{"rendered":"<p>Savona. Leggero incremento degli utili, abbondante erogazione dei mutui per l&#8217;acquisto di casa, sostegno alle imprese anche per tamponare gli effetti dei ritardi di pagamento da parte della pubblica amministrazione. Il bilancio della Carisa per il 2011 chiude con segni incoraggianti, mentre il consiglio d&#8217;amministrazione si appresta ad avviare il nuovo corso, per il triennio [&hellip;]<\/p>\n","protected":false},"author":13744,"featured_media":0,"comment_status":"open","ping_status":"closed","sticky":false,"template":"","format":"standard","meta":{"footnotes":""},"categories":[35],"tags":[2353,932,2156,3510,85850],"class_list":["post-215503","post","type-post","status-publish","format-standard","hentry","category-economia","tag-banca","tag-carisa","tag-luciano-pasquale","tag-risparmio","tag-savona","post_cat_citta-savona"],"amp_validity":null,"amp_enabled":true,"_links":{"self":[{"href":"https:\/\/staging.ivg.it\/ediapi\/wp\/v2\/posts\/215503","targetHints":{"allow":["GET"]}}],"collection":[{"href":"https:\/\/staging.ivg.it\/ediapi\/wp\/v2\/posts"}],"about":[{"href":"https:\/\/staging.ivg.it\/ediapi\/wp\/v2\/types\/post"}],"author":[{"embeddable":true,"href":"https:\/\/staging.ivg.it\/ediapi\/wp\/v2\/users\/13744"}],"replies":[{"embeddable":true,"href":"https:\/\/staging.ivg.it\/ediapi\/wp\/v2\/comments?post=215503"}],"version-history":[{"count":0,"href":"https:\/\/staging.ivg.it\/ediapi\/wp\/v2\/posts\/215503\/revisions"}],"wp:attachment":[{"href":"https:\/\/staging.ivg.it\/ediapi\/wp\/v2\/media?parent=215503"}],"wp:term":[{"taxonomy":"category","embeddable":true,"href":"https:\/\/staging.ivg.it\/ediapi\/wp\/v2\/categories?post=215503"},{"taxonomy":"post_tag","embeddable":true,"href":"https:\/\/staging.ivg.it\/ediapi\/wp\/v2\/tags?post=215503"}],"curies":[{"name":"wp","href":"https:\/\/api.w.org\/{rel}","templated":true}]}}