{"id":215438,"date":"2012-04-16T12:18:19","date_gmt":"2012-04-16T10:18:19","guid":{"rendered":"http:\/\/www.ivg.it\/?p=215438"},"modified":"2012-04-16T15:07:44","modified_gmt":"2012-04-16T13:07:44","slug":"incendio-alla-fitimex-il-giorno-dopo-al-lavoro-per-la-conta-dei-danni-e-rapida-ripresa-dellattivita","status":"publish","type":"post","link":"https:\/\/staging.ivg.it\/2012\/04\/incendio-alla-fitimex-il-giorno-dopo-al-lavoro-per-la-conta-dei-danni-e-rapida-ripresa-dellattivita\/","title":{"rendered":"Incendio alla Fitimex, il giorno dopo: al lavoro per la conta dei danni e rapida ripresa dell&#8217;attivit\u00e0"},"content":{"rendered":"<p><strong>Albenga<\/strong>. Il giorno dopo il tremendo incendio che, ieri pomeriggio, si \u00e8 propagato all&#8217;interno della ditta di import export Fitimex di Albenga, situata in localit\u00e0 Campochiesa, \u00e8 quello della conta dei danni e, soprattutto, della voglia di rimboccarsi le maniche.<\/p>\n<p>&#8220;Oggi la situazione \u00e8 quella di quattro camion completamente distrutti con il relativo carico pronto per le consegne &#8211; dice il titolare della ditta, Paolo Torrengo &#8211; Comunque la sera stessa abbiamo reclutato il personale disponibile per confezionare e garantire quasi il 90% delle consegne. Ringraziamo, dunque, i lavoratori che si sono resi disponibili anche di domenica. Un grazie va anche ai vigili del fuoco impegnati fino a questa mattina per le opere di bonifica, al sindaco, per la sua vicinanza e per aver messo a disposizione la protezione civile, e al vescovo&#8221;.<\/p>\n<p>&#8220;Fortunatamente non vi sono feriti: la stima dei danni \u00e8 comunque ancora difficile da fare. L&#8217;incendio \u00e8 partito dal surriscaldamento del frigo di uno dei camion e poi si \u00e8 propagato ad effetto domino anche agli altri, anche perch\u00e9 i materiali da imballaggio sono infiammabili trattandosi di plastica e cartone &#8211; aggiunge Torrengo &#8211; Noi comunque ci siamo gi\u00e0 rimboccati le maniche. La forza e la grinta non ci mancano&#8221;.<\/p>\n<p>L&#8217;allarme incendio \u00e8 scattato ieir alle 16,30. Si \u00e8 parlato di un danno pari a 700 mila euro per l\u2019azienda specializzata nell\u2019importazione ed esportazione di frutta e verdura. &#8220;Ripeto: al momento non \u00e8 quantificabile. Certo \u00e8 che si trattava di camion pieni di merce e di mezzi nuovi, che avevano circa due anni&#8221; conclude Torrengo.<\/p>\n","protected":false},"excerpt":{"rendered":"<p>Albenga. Il giorno dopo il tremendo incendio che, ieri pomeriggio, si \u00e8 propagato all&#8217;interno della ditta di import export Fitimex di Albenga, situata in localit\u00e0 Campochiesa, \u00e8 quello della conta dei danni e, soprattutto, della voglia di rimboccarsi le maniche. &#8220;Oggi la situazione \u00e8 quella di quattro camion completamente distrutti con il relativo carico pronto [&hellip;]<\/p>\n","protected":false},"author":13744,"featured_media":0,"comment_status":"open","ping_status":"closed","sticky":false,"template":"","format":"standard","meta":{"footnotes":""},"categories":[34],"tags":[85841,86062,423,19320],"class_list":["post-215438","post","type-post","status-publish","format-standard","hentry","category-cronaca","tag-albenga","tag-campochiesa","tag-incendio","tag-paolo-torrengo","post_cat_citta-albenga"],"amp_validity":null,"amp_enabled":true,"_links":{"self":[{"href":"https:\/\/staging.ivg.it\/ediapi\/wp\/v2\/posts\/215438","targetHints":{"allow":["GET"]}}],"collection":[{"href":"https:\/\/staging.ivg.it\/ediapi\/wp\/v2\/posts"}],"about":[{"href":"https:\/\/staging.ivg.it\/ediapi\/wp\/v2\/types\/post"}],"author":[{"embeddable":true,"href":"https:\/\/staging.ivg.it\/ediapi\/wp\/v2\/users\/13744"}],"replies":[{"embeddable":true,"href":"https:\/\/staging.ivg.it\/ediapi\/wp\/v2\/comments?post=215438"}],"version-history":[{"count":0,"href":"https:\/\/staging.ivg.it\/ediapi\/wp\/v2\/posts\/215438\/revisions"}],"wp:attachment":[{"href":"https:\/\/staging.ivg.it\/ediapi\/wp\/v2\/media?parent=215438"}],"wp:term":[{"taxonomy":"category","embeddable":true,"href":"https:\/\/staging.ivg.it\/ediapi\/wp\/v2\/categories?post=215438"},{"taxonomy":"post_tag","embeddable":true,"href":"https:\/\/staging.ivg.it\/ediapi\/wp\/v2\/tags?post=215438"}],"curies":[{"name":"wp","href":"https:\/\/api.w.org\/{rel}","templated":true}]}}