{"id":215431,"date":"2012-04-16T10:32:56","date_gmt":"2012-04-16T08:32:56","guid":{"rendered":"http:\/\/www.ivg.it\/?p=215431"},"modified":"2012-04-16T10:32:56","modified_gmt":"2012-04-16T08:32:56","slug":"albenga-crea-la-tua-insalata-iniziativa-dei-fieui-de-caruggi-per-la-mostra-sul-carciofo","status":"publish","type":"post","link":"https:\/\/staging.ivg.it\/2012\/04\/albenga-crea-la-tua-insalata-iniziativa-dei-fieui-de-caruggi-per-la-mostra-sul-carciofo\/","title":{"rendered":"Albenga, &#8220;Crea la tua insalata&#8221;: iniziativa dei Fieui de caruggi per la mostra sul carciofo"},"content":{"rendered":"<p><strong>Albenga<\/strong>. Nell\u2019ambito della mostra dedicata a &#8220;Il re carciofo&#8221; nelle sale al piano terra di Palazzo Oddo, sabato 21 aprile, alle ore 16, i Fieui di caruggi presentano l&#8217;iniziativa &#8220;Crea tu la tua insalata&#8221;, una sorta di gara-gioco in cui il pubblico potr\u00e0 partecipare preparando in diretta il proprio piatto di insalata mista.<\/p>\n<p>&#8220;Ancora un\u2019occasione per stare insieme all\u2019insegna della semplicit\u00e0, della condivisione e dell\u2019allegria in un suggestivo angolo del centro storico ingauno. La manifestazione si svolger\u00e0 infatti in vico del Collegio, tra l\u2019Auditorium San Carlo e Palazzo Oddo, davanti alla cantina-covo dei Fieui. La festa sar\u00e0 aperta dalle musiche de &#8216;I tre gotti&#8217; (Gigi Flammia, Luciano Pollero e Cesare Arena) che diffonderanno nei vicoli della citt\u00e0 vecchia le pi\u00f9 belle melodie di De Andr\u00e8, Guccini, Vecchioni e dei pi\u00f9 grandi cantautori italiani&#8221; spiegano gli organizzatori.<\/p>\n<p>&#8220;Quindi, guidati dall\u2019esperta di alimentazione Sara Berriolo, i presenti potranno dare spazio alla loro creativit\u00e0. Scegliendo tra i vari ingredienti, tradizionali ed insoliti, forniti dall\u2019organizzazione potranno preparare le loro insalate che una qualificata giuria valuter\u00e0 sia per la presentazione estetica sia per la gustosit\u00e0. E come in una gara vera e seria non mancheranno simpatici premi&#8221; concludono dai Fieui di caruggi.<\/p>\n<p>&#8220;Vogliamo ricordare anche che il 25 aprile presso il ristorante San Teodoro in piazza delle Erbe ci sar\u00e0 il pranzo in onore di Re carciofo. E\u2019 consigliabile la prenotazione (0182 555990). Infine il 1 Maggio alle 12,30 in vico del Collegio grande chiusura con il Corpo Bandistico Giuseppe Verdi e inaugurazione della piastrella dedicata alla banda sul muretto della nostra cantina&#8221; concludono i Fieui.<\/p>\n","protected":false},"excerpt":{"rendered":"<p>Albenga. Nell\u2019ambito della mostra dedicata a &#8220;Il re carciofo&#8221; nelle sale al piano terra di Palazzo Oddo, sabato 21 aprile, alle ore 16, i Fieui di caruggi presentano l&#8217;iniziativa &#8220;Crea tu la tua insalata&#8221;, una sorta di gara-gioco in cui il pubblico potr\u00e0 partecipare preparando in diretta il proprio piatto di insalata mista. &#8220;Ancora un\u2019occasione [&hellip;]<\/p>\n","protected":false},"author":13744,"featured_media":0,"comment_status":"open","ping_status":"closed","sticky":false,"template":"","format":"standard","meta":{"footnotes":""},"categories":[],"tags":[20593],"class_list":["post-215431","post","type-post","status-publish","format-standard","hentry","tag-carciofo","post_cat_citta-albenga"],"amp_validity":null,"amp_enabled":true,"_links":{"self":[{"href":"https:\/\/staging.ivg.it\/ediapi\/wp\/v2\/posts\/215431","targetHints":{"allow":["GET"]}}],"collection":[{"href":"https:\/\/staging.ivg.it\/ediapi\/wp\/v2\/posts"}],"about":[{"href":"https:\/\/staging.ivg.it\/ediapi\/wp\/v2\/types\/post"}],"author":[{"embeddable":true,"href":"https:\/\/staging.ivg.it\/ediapi\/wp\/v2\/users\/13744"}],"replies":[{"embeddable":true,"href":"https:\/\/staging.ivg.it\/ediapi\/wp\/v2\/comments?post=215431"}],"version-history":[{"count":0,"href":"https:\/\/staging.ivg.it\/ediapi\/wp\/v2\/posts\/215431\/revisions"}],"wp:attachment":[{"href":"https:\/\/staging.ivg.it\/ediapi\/wp\/v2\/media?parent=215431"}],"wp:term":[{"taxonomy":"category","embeddable":true,"href":"https:\/\/staging.ivg.it\/ediapi\/wp\/v2\/categories?post=215431"},{"taxonomy":"post_tag","embeddable":true,"href":"https:\/\/staging.ivg.it\/ediapi\/wp\/v2\/tags?post=215431"}],"curies":[{"name":"wp","href":"https:\/\/api.w.org\/{rel}","templated":true}]}}