{"id":215408,"date":"2012-04-15T16:01:28","date_gmt":"2012-04-15T14:01:28","guid":{"rendered":"http:\/\/www.ivg.it\/?p=215408"},"modified":"2012-04-16T10:14:42","modified_gmt":"2012-04-16T08:14:42","slug":"arnasco-burlando-su-twitter-al-via-lavori-per-completamento-museo-dellolio","status":"publish","type":"post","link":"https:\/\/staging.ivg.it\/2012\/04\/arnasco-burlando-su-twitter-al-via-lavori-per-completamento-museo-dellolio\/","title":{"rendered":"Arnasco, Burlando su Twitter: &#8220;Al via lavori per completamento Museo dell&#8217;Olio&#8221;"},"content":{"rendered":"<p><strong>Arnasco.<\/strong> Al via i lavori di completamento del museo dell\u2019olio ad Arnasco, nell\u2019entroterra albenganese. L\u2019annuncio da parte del presidente della Regione Liguria Claudio Burlando, che su twitter ha reso noto lo start up dell\u2019intervento finanziato dall\u2019ente regionale con 80 mila euro. L\u2019opera riguarder\u00e0 la ristrutturazione di un immobile di propriet\u00e0 comunale da destinare alla sede museale e della Civilt\u00e0 Contadina (acquistato dal Comune per 180 mila euro), attiguo alla cooperativa olivicola, con la realizzazione di una biblioteca e di una sala convegni: una struttura museale sempre pi\u00f9 importante per il turismo dell\u2019entroterra ingauno. I lavori rientrano negli interventi di riqualificazione urbanistica e paesistico-ambientale della costa e dell&#8217;entroterra varati dall&#8217;ente regionale grazie alle risorse ricavate dai condoni edilizi.<\/p>\n<p>Il Museo dell&#8217;Olivo \u00e8 nato dall&#8217;allestimento espositivo delle collezioni raccolte durante decenni dalla Famiglia Carli. L&#8217;esposizione museale \u00e8 ospitata in una palazzina liberty costruita durante gli anni Venti come sede della Fratelli Carli e tuttora circondata dallo stabilimento oleario. Nell&#8217;edificio del Museo sono sistemati i magazzini del museo e la biblioteca specializzata, consultabile su prenotazione, dedicata all&#8217;olivo ed all&#8217;olio d&#8217;oliva.<\/p>\n","protected":false},"excerpt":{"rendered":"<p>Arnasco. Al via i lavori di completamento del museo dell\u2019olio ad Arnasco, nell\u2019entroterra albenganese. L\u2019annuncio da parte del presidente della Regione Liguria Claudio Burlando, che su twitter ha reso noto lo start up dell\u2019intervento finanziato dall\u2019ente regionale con 80 mila euro. L\u2019opera riguarder\u00e0 la ristrutturazione di un immobile di propriet\u00e0 comunale da destinare alla sede [&hellip;]<\/p>\n","protected":false},"author":13744,"featured_media":0,"comment_status":"open","ping_status":"closed","sticky":false,"template":"","format":"standard","meta":{"footnotes":""},"categories":[],"tags":[85873,284],"class_list":["post-215408","post","type-post","status-publish","format-standard","hentry","tag-arnasco","tag-claudio-burlando","post_cat_citta-andora","post_cat_citta-arnasco"],"amp_validity":null,"amp_enabled":true,"_links":{"self":[{"href":"https:\/\/staging.ivg.it\/ediapi\/wp\/v2\/posts\/215408","targetHints":{"allow":["GET"]}}],"collection":[{"href":"https:\/\/staging.ivg.it\/ediapi\/wp\/v2\/posts"}],"about":[{"href":"https:\/\/staging.ivg.it\/ediapi\/wp\/v2\/types\/post"}],"author":[{"embeddable":true,"href":"https:\/\/staging.ivg.it\/ediapi\/wp\/v2\/users\/13744"}],"replies":[{"embeddable":true,"href":"https:\/\/staging.ivg.it\/ediapi\/wp\/v2\/comments?post=215408"}],"version-history":[{"count":0,"href":"https:\/\/staging.ivg.it\/ediapi\/wp\/v2\/posts\/215408\/revisions"}],"wp:attachment":[{"href":"https:\/\/staging.ivg.it\/ediapi\/wp\/v2\/media?parent=215408"}],"wp:term":[{"taxonomy":"category","embeddable":true,"href":"https:\/\/staging.ivg.it\/ediapi\/wp\/v2\/categories?post=215408"},{"taxonomy":"post_tag","embeddable":true,"href":"https:\/\/staging.ivg.it\/ediapi\/wp\/v2\/tags?post=215408"}],"curies":[{"name":"wp","href":"https:\/\/api.w.org\/{rel}","templated":true}]}}