{"id":215341,"date":"2012-04-13T18:41:48","date_gmt":"2012-04-13T16:41:48","guid":{"rendered":"http:\/\/www.ivg.it\/?p=215341"},"modified":"2012-04-13T18:52:16","modified_gmt":"2012-04-13T16:52:16","slug":"savona-celebrazioni-25-aprile-il-segretario-ravera-prc-cita-calvino-per-dire-no-ad-ogni-revisionismo-storico","status":"publish","type":"post","link":"https:\/\/staging.ivg.it\/2012\/04\/savona-celebrazioni-25-aprile-il-segretario-ravera-prc-cita-calvino-per-dire-no-ad-ogni-revisionismo-storico\/","title":{"rendered":"Savona, celebrazioni 25 Aprile: il segretario Ravera (Prc) cita Calvino per dire &#8220;no ad ogni revisionismo storico&#8221;"},"content":{"rendered":"<p><strong>Savona.<\/strong> &#8220;Dietro il milite delle brigate nere pi\u00f9 onesto, pi\u00f9 in buonafede, pi\u00f9 idealista, c&#8217;erano i rastrellamenti, le operazioni di sterminio, le camere di tortura, le deportazioni e l&#8217;olocausto; Dietro il partigiano pi\u00f9 ignaro, pi\u00f9 ladro, pi\u00f9 spietato, c&#8217;era la lotta per una societ\u00e0 pacifica e democratica, ragionevolmente giusta, se non proprio giusta in senso assoluto, che di queste non ce ne sono&#8221;. Cita testualmente una frase di Italo Calvino il segretario provinciale di Rifondazione Comunista Marco Ravera, che in vista delle celebrazioni del 25 Aprile vuole sgomberare il campo da ogni possibili revisionismo storico. <\/p>\n<p>\u201cLa citazione si riferisce tanto al caso dei manifesti de La destra per Giuseppina Ghersi appesi in via Paleocapa a Savona, quanto ad ogni possibile revisionismo sulla resistenza e la lotta partigiana\u201d afferma Ravera.<\/p>\n","protected":false},"excerpt":{"rendered":"<p>Savona. &#8220;Dietro il milite delle brigate nere pi\u00f9 onesto, pi\u00f9 in buonafede, pi\u00f9 idealista, c&#8217;erano i rastrellamenti, le operazioni di sterminio, le camere di tortura, le deportazioni e l&#8217;olocausto; Dietro il partigiano pi\u00f9 ignaro, pi\u00f9 ladro, pi\u00f9 spietato, c&#8217;era la lotta per una societ\u00e0 pacifica e democratica, ragionevolmente giusta, se non proprio giusta in senso [&hellip;]<\/p>\n","protected":false},"author":13744,"featured_media":0,"comment_status":"open","ping_status":"closed","sticky":false,"template":"","format":"standard","meta":{"footnotes":""},"categories":[31],"tags":[8980,39763,366,1735],"class_list":["post-215341","post","type-post","status-publish","format-standard","hentry","category-politica","tag-25-aprile","tag-ghersi","tag-marco-ravera","tag-prc","post_cat_citta-andora","post_cat_citta-savona"],"amp_validity":null,"amp_enabled":true,"_links":{"self":[{"href":"https:\/\/staging.ivg.it\/ediapi\/wp\/v2\/posts\/215341","targetHints":{"allow":["GET"]}}],"collection":[{"href":"https:\/\/staging.ivg.it\/ediapi\/wp\/v2\/posts"}],"about":[{"href":"https:\/\/staging.ivg.it\/ediapi\/wp\/v2\/types\/post"}],"author":[{"embeddable":true,"href":"https:\/\/staging.ivg.it\/ediapi\/wp\/v2\/users\/13744"}],"replies":[{"embeddable":true,"href":"https:\/\/staging.ivg.it\/ediapi\/wp\/v2\/comments?post=215341"}],"version-history":[{"count":0,"href":"https:\/\/staging.ivg.it\/ediapi\/wp\/v2\/posts\/215341\/revisions"}],"wp:attachment":[{"href":"https:\/\/staging.ivg.it\/ediapi\/wp\/v2\/media?parent=215341"}],"wp:term":[{"taxonomy":"category","embeddable":true,"href":"https:\/\/staging.ivg.it\/ediapi\/wp\/v2\/categories?post=215341"},{"taxonomy":"post_tag","embeddable":true,"href":"https:\/\/staging.ivg.it\/ediapi\/wp\/v2\/tags?post=215341"}],"curies":[{"name":"wp","href":"https:\/\/api.w.org\/{rel}","templated":true}]}}