{"id":215276,"date":"2012-04-12T18:29:14","date_gmt":"2012-04-12T16:29:14","guid":{"rendered":"http:\/\/www.ivg.it\/?p=215276"},"modified":"2012-04-13T10:41:04","modified_gmt":"2012-04-13T08:41:04","slug":"calcio-amarcord-corrado-teneggi-il-john-charles-italiano","status":"publish","type":"post","link":"https:\/\/staging.ivg.it\/2012\/04\/calcio-amarcord-corrado-teneggi-il-john-charles-italiano\/","title":{"rendered":"Calcio amarcord: Corrado Teneggi, il John Charles italiano"},"content":{"rendered":"<p><strong>Albissola Marina<\/strong>. Un flashback&#8230; un tuffo nel passato: estate 1966, in Riviera, di sera, i giovani si accalcano dentro le discoteche nella irresistibile atmosfera degli anni &#8217;60, scandita da &#8220;twist and shake&#8221;. Ma non tutti&#8230; gli sportivi, invece, si radunano numerosi attorno ai campi di calcio a 7, dove si svolgono tornei di grido, con la partecipazione dei migliori giocatori liguri a livello dilettantistico \/ semiprofessionistico.<\/p>\n<p>Nella Pineta di Arenzano la musica del night Calypso \u00e8 coperta dalle urla di incitamento della folla che, nel campetto illuminato da fari alimentati da &#8220;bombole a gas&#8221;, parteggia per i locali canarini impegnati in un derby contro un team di Varazze, che ha fra le sue fila un centravanti dal fisico imponente, tutto muscoli, ma anche tanta classe.<\/p>\n<p>Guardo la partita, all&#8217;epoca ragazzino, seduto sulla tribuna in legno, vicino ad un mostro sacro di allora, evidentemente anche lui &#8211; come tante celebrit\u00e0 &#8211; in vacanza in Riviera: \u00e8 Giacinto Facchetti, il grande capitano del&#8217;Inter, non ancora della Nazionale. E&#8217; un turbinio di emozioni, non so se guardare la partita, oppure quell&#8217;icona del calcio italiano del quale avevo in tasca la figurina Panini. Ma la partita \u00e8 troppo avvincente, anche Giacinto si diverte. E poi quel forte centrattacco varazzino, che sembra Gigi Riva, \u00e8 marcato da Dino Chiossone, lo stopper dell&#8217;Arenzano di cui vorrei prendere il posto &#8220;da grande&#8221;, come \u00e8 possibile non concentrare su di lui la mia attenzione? Mi sono informato sul suo curriculum: ha giocato nel Verona, Savona, Como, Livorno, Casertana, Lecce, si chiama Corrado Teneggi.<\/p>\n<p>Ecco, con queste sensazioni dentro, mi accingo ad incontrarlo in quel di Albissola, dove nel frattempo ha trasferito il domicilio: &#8220;Ho giocato in citt\u00e0 bellissime, a partire da Verona, dove sono arrivato giovanissimo in una squadra di Serie B, la cui porta era difesa da Bepi Moro (ex Samp), un estroso para rigori per eccellenza (<em>ndr<\/em>, ne par\u00f2 uno al Ferraris con una mano, mentre con l&#8217;altra afferrava al volo il cappello che gli stava cadendo), ma \u00e8 stato a Savona che ho messo le radici, complice una trasferta in treno in cui ho conosciuto mia moglie! Tra l&#8217;altro posso vantarmi di essere la punta biancobl\u00f9 che ha fatto pi\u00f9 goal in un solo campionato: 22, anzi sarebbero 27, ma all&#8217;epoca, se un difensore deviava la palla con un pelo, ti davano l&#8217;autorete!&#8221;.<\/p>\n<p>Sembra uno tsunami, mentre continua: &#8220;I momenti migliori li ho vissuti a Como, l\u00ec ho conosciuto un giovanissimo Gigi Meroni, poi diventato la &#8216;farfalla&#8217; granata. Andai nella citt\u00e0 lariana voluto da Pinella Baldini. Ricordo un Como-Juventus di Coppa Italia, perso s\u00ec 1-4, ma con un mio goal di testa, che consent\u00ec ai cronisti di paragonarmi a John Charles, uno dei giocatori di quella Juve, insieme a Boniperti, Sivori e Cervato, che a fine gara si congratul\u00f2 con me. Vivevo un gran momento, c&#8217;era anche un accordo sulla parola per un trasferimento all&#8217;Inter, poi saltato a causa di un incidente che mi tenne a lungo ai box&#8221;.<\/p>\n<p>Ci racconta ancora: &#8220;Da ragazzino ho iniziato a giocare in porta nel Varazze e questo mi dava vantaggi nell&#8217;anticipare le situazioni in area. Ho fatto esperienze nel sud Italia ed addirittura in Germania, in una squadra di terza divisione, che mi consentiva di allenarmi in Liguria e poi raggiungerli la domenica per giocare. Che sfacchinate in auto, altro che ritiri all&#8217;italiana!&#8221;.<\/p>\n<p>Chiude raccontandoci le sue esperienze da mister (con Silvano &#8220;Didon&#8221; Piacentini sempre come secondo): &#8220;Ho allenato ad Andora, vincendo un campionato di Promozione, poi a Carcare, Millesimo, Sassello, Albissola e Varazze&#8221;, dove chi scrive ha avuto l&#8217;onore di succedergli l&#8217;anno dopo, trovando un gruppo di giocatori dai quali si era fatto ben volere, per carisma, competenza ed una affabilit\u00e0 dialettica che conserva tuttora.<\/p>\n<p style=\"text-align: right;\"><strong>Claudio Nucci<\/strong><\/p>\n","protected":false},"excerpt":{"rendered":"<p>Albissola Marina. Un flashback&#8230; un tuffo nel passato: estate 1966, in Riviera, di sera, i giovani si accalcano dentro le discoteche nella irresistibile atmosfera degli anni &#8217;60, scandita da &#8220;twist and shake&#8221;. Ma non tutti&#8230; gli sportivi, invece, si radunano numerosi attorno ai campi di calcio a 7, dove si svolgono tornei di grido, con [&hellip;]<\/p>\n","protected":false},"author":13744,"featured_media":0,"comment_status":"open","ping_status":"closed","sticky":false,"template":"","format":"standard","meta":{"footnotes":""},"categories":[32],"tags":[86007,85989],"class_list":["post-215276","post","type-post","status-publish","format-standard","hentry","category-sport","tag-albissola-marina","tag-calcio","post_cat_citta-albissola-marina"],"amp_validity":null,"amp_enabled":true,"_links":{"self":[{"href":"https:\/\/staging.ivg.it\/ediapi\/wp\/v2\/posts\/215276","targetHints":{"allow":["GET"]}}],"collection":[{"href":"https:\/\/staging.ivg.it\/ediapi\/wp\/v2\/posts"}],"about":[{"href":"https:\/\/staging.ivg.it\/ediapi\/wp\/v2\/types\/post"}],"author":[{"embeddable":true,"href":"https:\/\/staging.ivg.it\/ediapi\/wp\/v2\/users\/13744"}],"replies":[{"embeddable":true,"href":"https:\/\/staging.ivg.it\/ediapi\/wp\/v2\/comments?post=215276"}],"version-history":[{"count":0,"href":"https:\/\/staging.ivg.it\/ediapi\/wp\/v2\/posts\/215276\/revisions"}],"wp:attachment":[{"href":"https:\/\/staging.ivg.it\/ediapi\/wp\/v2\/media?parent=215276"}],"wp:term":[{"taxonomy":"category","embeddable":true,"href":"https:\/\/staging.ivg.it\/ediapi\/wp\/v2\/categories?post=215276"},{"taxonomy":"post_tag","embeddable":true,"href":"https:\/\/staging.ivg.it\/ediapi\/wp\/v2\/tags?post=215276"}],"curies":[{"name":"wp","href":"https:\/\/api.w.org\/{rel}","templated":true}]}}