{"id":215168,"date":"2012-04-11T12:04:32","date_gmt":"2012-04-11T10:04:32","guid":{"rendered":"http:\/\/www.ivg.it\/?p=215168"},"modified":"2012-04-11T16:28:36","modified_gmt":"2012-04-11T14:28:36","slug":"manifesti-su-giuseppina-ghersi-in-via-paleocapa-pino-monti-una-provocazione-a-scopo-positivo-per-la-pacificazione","status":"publish","type":"post","link":"https:\/\/staging.ivg.it\/2012\/04\/manifesti-su-giuseppina-ghersi-in-via-paleocapa-pino-monti-una-provocazione-a-scopo-positivo-per-la-pacificazione\/","title":{"rendered":"Manifesti su Giuseppina Ghersi in via Paleocapa, Pino Monti: &#8220;Una provocazione a scopo positivo, per la pacificazione&#8221;"},"content":{"rendered":"<p><strong>Savona<\/strong>. &#8220;Una provocazione a scopo positivo, un messaggio di pacificazione&#8221;. Cos\u00ec Pino Monti, presidente dell\u2019associazione \u201cRagazzi del Manfrei\u201d, spiega l&#8217;affissione dei manifesti su Giuseppina Ghersi, la ragazzina che fu rapita, imprigionata e torturata dai partigiani a Legino, in quanto ritenuta una spia nazifascista. Un&#8217;iniziativa del circolo culturale e de La Destra, con venti manifesti in via Paleocapa.<\/p>\n<p>&#8220;E&#8217; un segnale molto forte, in questo momento difficile, per portare giustizia a persone brutalmente assassinate e dimenticate. Tutte, quelle di un fronte e dell&#8217;altro, per ricordare e non commettere gli stessi errori. Per noi democrazia significa anche giustizia&#8221; osserva Pino Monti.<\/p>\n<p>Nei nanifesti in memoria della tredicenne Giuseppina Ghersi si legge: &#8220;Sotto gli occhi del padre venne seviziata insieme alla madre e infine uccisa. A tutti i savonesi il cui ricordo \u00e8 ancora spietatamente vietato dai gendarmi della memoria rossa. Per la riappacificazione nazionale. La Savona che non dimentica&#8221;. Resteranno esposti esposti sino al 25 Aprile, una data che ha gi\u00e0 innescato le prime polemiche.<\/p>\n<p>&#8220;In fondo \u00e8 una provocazione a scopo positivo &#8211; dice il presidente dei Ragazzi del Manfrei &#8211; Vorremmo trovare un punto d&#8217;incontro con l&#8217;Anpi, perch\u00e9 tutti hanno combattuto per un ideale. Ci\u00f2 che \u00e8 stato fatto a Giuseppina Ghersi aveva la matrice dell&#8217;ingiustizia, non della politica. I morti necessitano tutti di giustizia e la loro testimonianza sia da monito per i giovani di oggi&#8221;.<\/p>\n<p>&#8220;Savona si veste troppo di faziosit\u00e0, pende da una parte, certamente fautrice della storia repubblicana; ma la citt\u00e0, come l&#8217;Italia intera, \u00e8 composta da diverse anime, che dovrebbero lavorare insieme. Si avverta bisogno di collaborazione, proprio in questo momento in cui la politica ha bisogno di vedere unit\u00e0 nazionale&#8221; conclude Pino Monti.<\/p>\n","protected":false},"excerpt":{"rendered":"<p>Savona. &#8220;Una provocazione a scopo positivo, un messaggio di pacificazione&#8221;. Cos\u00ec Pino Monti, presidente dell\u2019associazione \u201cRagazzi del Manfrei\u201d, spiega l&#8217;affissione dei manifesti su Giuseppina Ghersi, la ragazzina che fu rapita, imprigionata e torturata dai partigiani a Legino, in quanto ritenuta una spia nazifascista. Un&#8217;iniziativa del circolo culturale e de La Destra, con venti manifesti in [&hellip;]<\/p>\n","protected":false},"author":13744,"featured_media":0,"comment_status":"open","ping_status":"closed","sticky":false,"template":"","format":"standard","meta":{"footnotes":""},"categories":[31],"tags":[39763,17682,1020,17684,85850],"class_list":["post-215168","post","type-post","status-publish","format-standard","hentry","category-politica","tag-ghersi","tag-giuseppina-ghersi","tag-la-destra","tag-ragazzi-del-manfrei","tag-savona","post_cat_citta-savona"],"amp_validity":null,"amp_enabled":true,"_links":{"self":[{"href":"https:\/\/staging.ivg.it\/ediapi\/wp\/v2\/posts\/215168","targetHints":{"allow":["GET"]}}],"collection":[{"href":"https:\/\/staging.ivg.it\/ediapi\/wp\/v2\/posts"}],"about":[{"href":"https:\/\/staging.ivg.it\/ediapi\/wp\/v2\/types\/post"}],"author":[{"embeddable":true,"href":"https:\/\/staging.ivg.it\/ediapi\/wp\/v2\/users\/13744"}],"replies":[{"embeddable":true,"href":"https:\/\/staging.ivg.it\/ediapi\/wp\/v2\/comments?post=215168"}],"version-history":[{"count":0,"href":"https:\/\/staging.ivg.it\/ediapi\/wp\/v2\/posts\/215168\/revisions"}],"wp:attachment":[{"href":"https:\/\/staging.ivg.it\/ediapi\/wp\/v2\/media?parent=215168"}],"wp:term":[{"taxonomy":"category","embeddable":true,"href":"https:\/\/staging.ivg.it\/ediapi\/wp\/v2\/categories?post=215168"},{"taxonomy":"post_tag","embeddable":true,"href":"https:\/\/staging.ivg.it\/ediapi\/wp\/v2\/tags?post=215168"}],"curies":[{"name":"wp","href":"https:\/\/api.w.org\/{rel}","templated":true}]}}