{"id":215107,"date":"2012-04-10T13:49:10","date_gmt":"2012-04-10T11:49:10","guid":{"rendered":"http:\/\/www.ivg.it\/?p=215107"},"modified":"2012-04-10T13:49:10","modified_gmt":"2012-04-10T11:49:10","slug":"savona-incontro-pubblico-sulla-sanita-organizzato-dallidv-coordinato-da-quaini","status":"publish","type":"post","link":"https:\/\/staging.ivg.it\/2012\/04\/savona-incontro-pubblico-sulla-sanita-organizzato-dallidv-coordinato-da-quaini\/","title":{"rendered":"Savona, incontro pubblico sulla sanit\u00e0 organizzato dall&#8217;Idv: coordinato da Quaini"},"content":{"rendered":"<p><strong>Savona<\/strong>. Il giorno gioved\u00ec 12 aprile a Savona, alle 20, presso la sala rossa del Comune, il Gruppo Regionale dell&#8217;Idv ha organizzato un incontro pubblico sulla sanit\u00e0 coordinato dal presidente della Commissione Sanit\u00e0 della Regione Liguria, Stefano Quaini.<\/p>\n<p>Lo scopo &#8211; spiegano gli organizzatori &#8211; &#8220;\u00e8 fare il punto sulla situazione sanitaria nella citt\u00e0, sia rispetto all\u2019attivit\u00e0 dell\u2019Ospedale San Paolo sia per ci\u00f2 che concerne il territorio e le associazioni che operano in tale ambito. Verranno affrontati i temi caldi relativi alla carenza di organico del sistema ed il conseguente allungamento delle liste d\u2019attesa per la diagnostica e le altre prestazioni. Un momento di incontro con i lavoratori per sentire direttamente le criticit\u00e0 presenti ed impostare nuove strategie politiche per migliorare l\u2019assistenza ai pazienti ed il lavoro di chi presta assistenza in ambito di dirigenza medica, infermieri professionali ed altre figure professionali&#8221;.<\/p>\n<p>&#8220;Largo spazio sar\u00e0 lasciato al dibattito e saranno presenti anche associazioni che operano sul territorio per far conoscere un lavoro spesso poco visibile ma fondamentale e di alto livello. Italia dei valori difende e sostiene la sanit\u00e0 pubblica e ritiene che il Governo Monti debba ascoltare le esigenze dei medici attuando una politica sanitaria impostata sul governo clinico ed avente al centro solamente gli interessi dei malati come sancito dalla Costituzione repubblicana&#8221; concludono gli organizzatori.<\/p>\n","protected":false},"excerpt":{"rendered":"<p>Savona. Il giorno gioved\u00ec 12 aprile a Savona, alle 20, presso la sala rossa del Comune, il Gruppo Regionale dell&#8217;Idv ha organizzato un incontro pubblico sulla sanit\u00e0 coordinato dal presidente della Commissione Sanit\u00e0 della Regione Liguria, Stefano Quaini. Lo scopo &#8211; spiegano gli organizzatori &#8211; &#8220;\u00e8 fare il punto sulla situazione sanitaria nella citt\u00e0, sia [&hellip;]<\/p>\n","protected":false},"author":13744,"featured_media":0,"comment_status":"open","ping_status":"closed","sticky":false,"template":"","format":"standard","meta":{"footnotes":""},"categories":[31],"tags":[876,111,85850],"class_list":["post-215107","post","type-post","status-publish","format-standard","hentry","category-politica","tag-convegno","tag-sanita","tag-savona","post_cat_citta-savona"],"amp_validity":null,"amp_enabled":true,"_links":{"self":[{"href":"https:\/\/staging.ivg.it\/ediapi\/wp\/v2\/posts\/215107","targetHints":{"allow":["GET"]}}],"collection":[{"href":"https:\/\/staging.ivg.it\/ediapi\/wp\/v2\/posts"}],"about":[{"href":"https:\/\/staging.ivg.it\/ediapi\/wp\/v2\/types\/post"}],"author":[{"embeddable":true,"href":"https:\/\/staging.ivg.it\/ediapi\/wp\/v2\/users\/13744"}],"replies":[{"embeddable":true,"href":"https:\/\/staging.ivg.it\/ediapi\/wp\/v2\/comments?post=215107"}],"version-history":[{"count":0,"href":"https:\/\/staging.ivg.it\/ediapi\/wp\/v2\/posts\/215107\/revisions"}],"wp:attachment":[{"href":"https:\/\/staging.ivg.it\/ediapi\/wp\/v2\/media?parent=215107"}],"wp:term":[{"taxonomy":"category","embeddable":true,"href":"https:\/\/staging.ivg.it\/ediapi\/wp\/v2\/categories?post=215107"},{"taxonomy":"post_tag","embeddable":true,"href":"https:\/\/staging.ivg.it\/ediapi\/wp\/v2\/tags?post=215107"}],"curies":[{"name":"wp","href":"https:\/\/api.w.org\/{rel}","templated":true}]}}