{"id":214971,"date":"2012-04-06T12:38:00","date_gmt":"2012-04-06T10:38:00","guid":{"rendered":"http:\/\/www.ivg.it\/?p=214971"},"modified":"2012-04-06T16:34:43","modified_gmt":"2012-04-06T14:34:43","slug":"lega-nord-il-segretario-bruzzone-replica-a-ravera-congresso-aperto-non-mi-ricandido","status":"publish","type":"post","link":"https:\/\/staging.ivg.it\/2012\/04\/lega-nord-il-segretario-bruzzone-replica-a-ravera-congresso-aperto-non-mi-ricandido\/","title":{"rendered":"Lega Nord, il segretario Bruzzone replica a Ravera: &#8220;Congresso aperto, non mi ricandido&#8221;"},"content":{"rendered":"<p><strong>Liguria.<\/strong> &#8220;In Liguria il congresso \u00e8 aperto e oggi decideremo la data di conclusione in cui saranno nominati i nuovi vertici. Come ho gi\u00e0 annunciato non \u00e8 mia intenzione ricandidarmi&#8221;. Cos\u00ec il segretario regionale della Lega Nord, Francesco Bruzzone, ha replicato alla richiesta di dimissioni avanzata da Bruno Ravera, presidente della Lega Nord Liguria. &#8220;Prendo atto e condivido nella sostanza &#8211; ha aggiunto &#8211; che nel partito ci sia un rinnovamento, anche in Liguria. Io sto facendo da traghettatore, tra pochi giorni sar\u00e0 nominato il nuovo segretario&#8221;. <\/p>\n<p>L\u2019attuale segretario della Lega precisa anche la sua posizione in merito all\u2019inchiesta giudiziaria: &#8220;Nel 2003, quando venne eletto nel cda di Fincantieri, Belsito fece un&#8217;oblazione volontaria di 40.000 euro in due tranches alla Lega Nord. Tutto venne regolarmente dichiarato e fu gestito dall&#8217;amministratore federale dell&#8217;epoca, Maurizio Balocchi. Io fui il promotore di quest&#8217;oblazione&#8221;. <\/p>\n<p>&#8220;Ieri sera &#8211; spiega Bruzzone &#8211; durante la direzione regionale della Lega Nord abbiamo fatto delle ricerche documentali e trovato le dichiarazioni dell&#8217;oblazione. Di casi simili ce ne sono a decine. Quando un&#8217;iscritto leghista riceve un incarico versa una quota al partito: a volte il 20% dello stipendio mensile, altre volte \u00e8 stata quantificata una cifra complessiva, come nel caso di Belsito. Io stesso verso una parte dello stipendio al partito&#8221;. <\/p>\n<p>&#8220;Nel 2003 &#8211; ha precisato Bruzzone &#8211; Belsito era un iscritto della Lega Nord ed era &#8216;accompagnato&#8217; da Balocchi. Fu nominato nel cda di Fincantieri da Roma e in quota Lega Nord&#8221;.<\/p>\n","protected":false},"excerpt":{"rendered":"<p>Liguria. &#8220;In Liguria il congresso \u00e8 aperto e oggi decideremo la data di conclusione in cui saranno nominati i nuovi vertici. Come ho gi\u00e0 annunciato non \u00e8 mia intenzione ricandidarmi&#8221;. Cos\u00ec il segretario regionale della Lega Nord, Francesco Bruzzone, ha replicato alla richiesta di dimissioni avanzata da Bruno Ravera, presidente della Lega Nord Liguria. &#8220;Prendo [&hellip;]<\/p>\n","protected":false},"author":13744,"featured_media":0,"comment_status":"open","ping_status":"closed","sticky":false,"template":"","format":"standard","meta":{"footnotes":""},"categories":[31],"tags":[23765,3215,630],"class_list":["post-214971","post","type-post","status-publish","format-standard","hentry","category-politica","tag-carroccio","tag-francesco-bruzzone","tag-lega-nord","post_cat_citta-andora","post_cat_citta-savona"],"amp_validity":null,"amp_enabled":true,"_links":{"self":[{"href":"https:\/\/staging.ivg.it\/ediapi\/wp\/v2\/posts\/214971","targetHints":{"allow":["GET"]}}],"collection":[{"href":"https:\/\/staging.ivg.it\/ediapi\/wp\/v2\/posts"}],"about":[{"href":"https:\/\/staging.ivg.it\/ediapi\/wp\/v2\/types\/post"}],"author":[{"embeddable":true,"href":"https:\/\/staging.ivg.it\/ediapi\/wp\/v2\/users\/13744"}],"replies":[{"embeddable":true,"href":"https:\/\/staging.ivg.it\/ediapi\/wp\/v2\/comments?post=214971"}],"version-history":[{"count":0,"href":"https:\/\/staging.ivg.it\/ediapi\/wp\/v2\/posts\/214971\/revisions"}],"wp:attachment":[{"href":"https:\/\/staging.ivg.it\/ediapi\/wp\/v2\/media?parent=214971"}],"wp:term":[{"taxonomy":"category","embeddable":true,"href":"https:\/\/staging.ivg.it\/ediapi\/wp\/v2\/categories?post=214971"},{"taxonomy":"post_tag","embeddable":true,"href":"https:\/\/staging.ivg.it\/ediapi\/wp\/v2\/tags?post=214971"}],"curies":[{"name":"wp","href":"https:\/\/api.w.org\/{rel}","templated":true}]}}