{"id":214887,"date":"2012-04-05T13:26:56","date_gmt":"2012-04-05T11:26:56","guid":{"rendered":"http:\/\/www.ivg.it\/?p=214887"},"modified":"2012-04-05T18:03:58","modified_gmt":"2012-04-05T16:03:58","slug":"scazzottata-albenganese-de-filippis-scuse-no-prima-di-giudicare-bisogna-conoscere-i-fatti","status":"publish","type":"post","link":"https:\/\/staging.ivg.it\/2012\/04\/scazzottata-albenganese-de-filippis-scuse-no-prima-di-giudicare-bisogna-conoscere-i-fatti\/","title":{"rendered":"Scazzottata albenganese, De Filippis: &#8220;Scuse? No, prima di giudicare bisogna conoscere i fatti&#8221;"},"content":{"rendered":"<p><strong>Albenga<\/strong>. Nessuna scusa alla cittadinanza da parte di Bruno Robello De Filippis perch\u00e9 &#8211; spiega &#8211; &#8220;prima bisogna conoscere i fatti e francamente, per quello che \u00e8 accaduto, non ho da scusarmi&#8221;. Invece &#8211; precisa &#8211; &#8220;per mia sensibilit\u00e0 ho ritenuto di dimettermi da capogruppo e autosospendermi dal partito, comunicando il tutto ai dirigenti che mi sono stati molto vicino, in modo da dare loro la possibilit\u00e0 di valutare l&#8217;accaduto serenamente. Era un atto dovuto&#8221;.<\/p>\n<p>Il consigliere del Popolo della Libert\u00e0, coinvolto nella scazzottata sul lungomare ingauno con il giovane Andrew Esposito, cugino del collega di maggioranza e tessera Manuel Barbo, conferma la propria linea: &#8220;I falsi perbenisti fanno solo facciata, ma le impalcature dietro sono risicate. Io sono contento di come sono. Poi, chi mi vuole male continuer\u00e0 a volermene&#8221;.<\/p>\n<p>Spiegando le dimissioni da capogruppo e l&#8217;autosospensione, Robello De Filippis aveva sottolineato essere state attuate &#8220;di mia spontanea volont\u00e0, per far s\u00ec che, in primissima istanza, gli organi di partito provinciale possano, assunte le informazioni da tutti i presenti e di tutti i testimoni e dei coinvolti in prima persona, ovvero il sottoscritto e il consigliere Manuel Barbo, arrivare a una prima verit\u00e0 limpida, finora rimasta all\u2019oscuro&#8221;.<\/p>\n<p>Oggi, nella prima apparizione pubblica dopo il fatto, con il naso segnato dagli effetti della contesa, evidenzia: &#8220;Non ci saranno ripercussioni sul Pdl e nemmeno rappresaglie. Si \u00e8 trattato di un fatto che esula dalla politica&#8221; e accenna da un progetto, da rendere noto nei prossimi giorni, &#8220;scaturito da quanto \u00e8 successo&#8221;. &#8220;Non mi scuso con la cittadinanza, come altri hanno fatto per me, perch\u00e9 prima di giudicare bisogna sapere come si sono svolti i fatti&#8221; ribadisce.<\/p>\n<p>Quanto alle polemiche sollevate dal centrosinistra e dal Pd in particolare, anche attraverso un manifesto con la dicitura &#8220;Questa \u00e8 una gabbia di matti&#8221;, De Filippis ironizza: &#8220;Abbiamo una grande fortuna ad avere una opposizione di questo &#8216;spessore&#8217;. Chiss\u00e0 come erano contenti, tutti riuniti per confezionarlo. Il manifesto del Pd, in effetti, &#8216;non \u00e8 male'&#8221;.<\/p>\n","protected":false},"excerpt":{"rendered":"<p>Albenga. Nessuna scusa alla cittadinanza da parte di Bruno Robello De Filippis perch\u00e9 &#8211; spiega &#8211; &#8220;prima bisogna conoscere i fatti e francamente, per quello che \u00e8 accaduto, non ho da scusarmi&#8221;. Invece &#8211; precisa &#8211; &#8220;per mia sensibilit\u00e0 ho ritenuto di dimettermi da capogruppo e autosospendermi dal partito, comunicando il tutto ai dirigenti che [&hellip;]<\/p>\n","protected":false},"author":13744,"featured_media":0,"comment_status":"open","ping_status":"closed","sticky":false,"template":"","format":"standard","meta":{"footnotes":""},"categories":[34,31],"tags":[717,85841,7476,340],"class_list":["post-214887","post","type-post","status-publish","format-standard","hentry","category-cronaca","category-politica","tag-aggressione","tag-albenga","tag-bruno-robello-de-filippis","tag-lite","post_cat_citta-albenga"],"amp_validity":null,"amp_enabled":true,"_links":{"self":[{"href":"https:\/\/staging.ivg.it\/ediapi\/wp\/v2\/posts\/214887","targetHints":{"allow":["GET"]}}],"collection":[{"href":"https:\/\/staging.ivg.it\/ediapi\/wp\/v2\/posts"}],"about":[{"href":"https:\/\/staging.ivg.it\/ediapi\/wp\/v2\/types\/post"}],"author":[{"embeddable":true,"href":"https:\/\/staging.ivg.it\/ediapi\/wp\/v2\/users\/13744"}],"replies":[{"embeddable":true,"href":"https:\/\/staging.ivg.it\/ediapi\/wp\/v2\/comments?post=214887"}],"version-history":[{"count":0,"href":"https:\/\/staging.ivg.it\/ediapi\/wp\/v2\/posts\/214887\/revisions"}],"wp:attachment":[{"href":"https:\/\/staging.ivg.it\/ediapi\/wp\/v2\/media?parent=214887"}],"wp:term":[{"taxonomy":"category","embeddable":true,"href":"https:\/\/staging.ivg.it\/ediapi\/wp\/v2\/categories?post=214887"},{"taxonomy":"post_tag","embeddable":true,"href":"https:\/\/staging.ivg.it\/ediapi\/wp\/v2\/tags?post=214887"}],"curies":[{"name":"wp","href":"https:\/\/api.w.org\/{rel}","templated":true}]}}