{"id":214749,"date":"2012-04-03T16:50:09","date_gmt":"2012-04-03T14:50:09","guid":{"rendered":"http:\/\/www.ivg.it\/?p=214749"},"modified":"2012-04-04T12:40:34","modified_gmt":"2012-04-04T10:40:34","slug":"albenga-de-filippis-rassegna-le-dimissioni-condannato-da-chi-non-conosce-i-fatti-la-minoranza-e-piu-ridicola-degli-sgommati","status":"publish","type":"post","link":"https:\/\/staging.ivg.it\/2012\/04\/albenga-de-filippis-rassegna-le-dimissioni-condannato-da-chi-non-conosce-i-fatti-la-minoranza-e-piu-ridicola-degli-sgommati\/","title":{"rendered":"Albenga, De Filippis rassegna le dimissioni da capogruppo del Pdl: &#8220;Condannato da chi non conosce i fatti: la minoranza \u00e8 pi\u00f9 ridicola degli &#8216;Sgommati'&#8221;"},"content":{"rendered":"<p><strong>Albenga.<\/strong> Bruno Robello De Filippis ha rassegnato le proprie dimissioni da capogruppo del Pdl in consiglio comunale e si \u00e8 auto sospeso dal partito di cui \u00e8 rappresentate. Nei giorni post-rissa che lo hanno visto &#8220;protagonista&#8221; insieme al collega di partito Andrews Esposito e al consigliere di maggioranza Manuel Barbo, arriva dunque una decisione chiesta da pi\u00f9 parti, sia tra i suoi oppositori politici sia tra i rappresentanti del centro destra.<\/p>\n<p>&#8220;A quattro giorni dall&#8217;episodio increscioso che mi ha visto mio malgrado coinvolto, esco dal silenzio stampa, dopo aver letto e riletto diverse dichiarazioni, considerazioni di molti, quasi tutte a sproposito e totalmente errate nella ricostruzione dei fatti &#8211; si legge in una nota ufficiale &#8211; Affinch\u00e9 venga fatta luce sulla vicenda, affinch\u00e9 esca la verit\u00e0, ma anche e soprattutto al fine di garantire una serenit\u00e0 di valutazione, sia all&#8217;interno dell&#8217;amministrazione comunale sia all&#8217;interno del partito al livello cittadino e provinciale, ritengo utile presentare le mie dimissioni da Capo Gruppo del Popolo della Libert\u00e0 in Consiglio Comunale, cosa di cui ho gi\u00e0 informato il Commissario Cittadino Pdl Alessandro Cibien, il presidente del Consiglio Comunale Massimiliano Nucera e il sindaco di Albenga Rosy Guarnieri, nonch\u00e9 auto-sospendermi dal partito stesso, come da comunicazione gi\u00e0 inoltrata al Commissario Cibien, al Vice Coordinatore Provinciale Nucera ed al Coordinatore Provinciale Andrea Valle&#8221;. <\/p>\n<p>&#8220;Tutto ci\u00f2, di mia spontanea volont\u00e0, per far s\u00ec che, in primissima istanza, gli organi di partito provinciale possano, assunte le informazioni da tutti i presenti e di tutti i testimoni e dei coinvolti in prima persona, ovvero il sottoscritto e il consigliere Manuel Barbo, arrivare ad una prima verit\u00e0 limpida, finora rimasta all&#8217;oscuro &#8211; si legge ancora &#8211; Leggendo molte falsit\u00e0, affermazioni avventate di chi non era e non \u00e8 a conoscenza dei fatti, strumentalizzazioni politiche, e stupide ovviet\u00e0 da parte dei soliti perbenisti, forte, fortissima, \u00e8 stata in questi giorni la tentazione di dimettermi da consigliere comunale, ma il desiderio di far venire a galla la verit\u00e0 e la voglia di non darla vinta ai moralisti ipocriti hanno prevalso sul desiderio di abbandonare l&#8217;assemblea comunale. Questo desiderio ha vinto nonostante le molte persone falsamente perbeniste con la faccia pulita, sbarbati di prima mattina, con ancora addosso l&#8217;odore di borotalco, che magari peccano di nascosto per poi andare a purificarsi la domenica a messa, che hanno voluto facilmente dare contro al sottoscritto, sporco, nero, con la barba e, per molti, strano e bizzarro nei suoi atteggiamenti&#8221;. <\/p>\n<p>&#8220;Non importa se il sottoscritto sia vittima o carnefice: questo lo accerteranno altri, a livello politico e giudiziario. L&#8217;importante \u00e8 che io non sia come loro. Ritengo di essere stato sempre coerente, sul piano personale, professionale, politico. Mai ho fatto qualcosa di sproposito nel posto sbagliato, e pochi, davvero pochi, conoscono le pratiche consiliari come le conosco io, e spero che il futuro capogruppo possa almeno eguagliarmi. Non ho mai fatto ricorso alla violenza per far prevalere le mie opinioni, o per mettere fine ad una disputa, perch\u00e9 la violenza \u00e8 l&#8217;ultimo rifugio degli incapaci. Mi fa specie che dall&#8217;opposizione, come sempre apatica e priva di idee, colti da bersanite acuta, un po&#8217; per invidia un po&#8217; per assoluta incapacit\u00e0 politica, siano solo in grado di chiedere le dimissioni. Leggere le parole del segretario del PD Andreis e guardare la trasmissione comica &#8216;Gli Sgommati&#8217; \u00e8 la stessa cosa: dichiarazioni del nulla mischiato al niente, di gente assolutamente irrilevante in termini politici. Nutro molto pi\u00f9 rispetto verso chi mi ha menato, che non per loro&#8221;.<\/p>\n","protected":false},"excerpt":{"rendered":"<p>Albenga. Bruno Robello De Filippis ha rassegnato le proprie dimissioni da capogruppo del Pdl in consiglio comunale e si \u00e8 auto sospeso dal partito di cui \u00e8 rappresentate. Nei giorni post-rissa che lo hanno visto &#8220;protagonista&#8221; insieme al collega di partito Andrews Esposito e al consigliere di maggioranza Manuel Barbo, arriva dunque una decisione chiesta [&hellip;]<\/p>\n","protected":false},"author":13744,"featured_media":0,"comment_status":"open","ping_status":"closed","sticky":false,"template":"","format":"standard","meta":{"footnotes":""},"categories":[31],"tags":[39641,7476,1469,26983,216,718],"class_list":["post-214749","post","type-post","status-publish","format-standard","hentry","category-politica","tag-andrew-esposito","tag-bruno-robello-de-filippis","tag-dimissioni","tag-manuel-barbo","tag-pdl","tag-rissa","post_cat_citta-albenga"],"amp_validity":null,"amp_enabled":true,"_links":{"self":[{"href":"https:\/\/staging.ivg.it\/ediapi\/wp\/v2\/posts\/214749","targetHints":{"allow":["GET"]}}],"collection":[{"href":"https:\/\/staging.ivg.it\/ediapi\/wp\/v2\/posts"}],"about":[{"href":"https:\/\/staging.ivg.it\/ediapi\/wp\/v2\/types\/post"}],"author":[{"embeddable":true,"href":"https:\/\/staging.ivg.it\/ediapi\/wp\/v2\/users\/13744"}],"replies":[{"embeddable":true,"href":"https:\/\/staging.ivg.it\/ediapi\/wp\/v2\/comments?post=214749"}],"version-history":[{"count":0,"href":"https:\/\/staging.ivg.it\/ediapi\/wp\/v2\/posts\/214749\/revisions"}],"wp:attachment":[{"href":"https:\/\/staging.ivg.it\/ediapi\/wp\/v2\/media?parent=214749"}],"wp:term":[{"taxonomy":"category","embeddable":true,"href":"https:\/\/staging.ivg.it\/ediapi\/wp\/v2\/categories?post=214749"},{"taxonomy":"post_tag","embeddable":true,"href":"https:\/\/staging.ivg.it\/ediapi\/wp\/v2\/tags?post=214749"}],"curies":[{"name":"wp","href":"https:\/\/api.w.org\/{rel}","templated":true}]}}