{"id":214726,"date":"2012-04-03T13:49:27","date_gmt":"2012-04-03T11:49:27","guid":{"rendered":"http:\/\/www.ivg.it\/?p=214726"},"modified":"2012-04-03T14:56:38","modified_gmt":"2012-04-03T12:56:38","slug":"nuovo-terminal-savona-pasquale-e-il-nostro-sistema-locale-che-deve-cogliere-le-opportunita-del-flusso-crocieristico","status":"publish","type":"post","link":"https:\/\/staging.ivg.it\/2012\/04\/nuovo-terminal-savona-pasquale-e-il-nostro-sistema-locale-che-deve-cogliere-le-opportunita-del-flusso-crocieristico\/","title":{"rendered":"Nuovo terminal Savona, Pasquale: &#8220;E&#8217; il nostro sistema locale che deve cogliere le opportunit\u00e0 del flusso crocieristico&#8221;"},"content":{"rendered":"<p><strong>Savona<\/strong>. Prospettive economiche confermate per Savona nel settore crocieristico con il secondo terminal, il cui cantiere partir\u00e0 a fine maggio. Luciano Pasquale, presidente della Camera di Commercio, sottolinea: &#8220;E&#8217; un segnale importante per la nostra economia e una conferma per Savon il binomio che la lega a Costa: un rapporto che non \u00e8 mai stato messo in discussione, nonostante i gravi fatti avvenuti&#8221;.<\/p>\n<p>Stamane presso l&#8217;ente camerale il direttore generale di Costa, Gianni Onorato, ha ribadito l&#8217;importanza dell&#8217;home port savonese e l&#8217;avvio dei lavori per la seconda stazione marittima. Costa conferma per il 2012 un transito di 900 mila passeggeri. Iil nuovo terminal servir\u00e0 a gestire pi\u00f9 agevolmente le operazioni di imbarco e sbarco dei passeggeri in occasione di doppi attracchi, ma soprattutto in condizioni di tripli e quadrupli accosti.<\/p>\n<p>&#8220;E&#8217; stata l&#8217;occasione per rimarcare il valore di Costa, per la nostra localit\u00e0 e per la Liguria &#8211; dichiara Pasquale &#8211; Siamo vicini alla compagnia di navigazione per creare un prodotto turistico sempre migliore. I vantaggi economici sono forti ed evidenti, sono anche aumentabili, ma siamo noi che dobbiamo organizzare l&#8217;accoglienza con i nostri operatori&#8221;.<\/p>\n<p>&#8220;Abbiamo circa 5 milioni di presenze turistiche, con il segmento di 1 milione di crocieristi. Per\u00f2 siamo noi che dobbiamo cogliere l&#8217;opportunit\u00e0 economica che queste persone rappresentano. E&#8217; il nostro sistema locale che deve cogliere le opportunit\u00e0 economiche del flusso crocieristico&#8221; conclude il presidente della Camera di Commercio.<\/p>\n","protected":false},"excerpt":{"rendered":"<p>Savona. Prospettive economiche confermate per Savona nel settore crocieristico con il secondo terminal, il cui cantiere partir\u00e0 a fine maggio. Luciano Pasquale, presidente della Camera di Commercio, sottolinea: &#8220;E&#8217; un segnale importante per la nostra economia e una conferma per Savon il binomio che la lega a Costa: un rapporto che non \u00e8 mai stato [&hellip;]<\/p>\n","protected":false},"author":13744,"featured_media":0,"comment_status":"open","ping_status":"closed","sticky":false,"template":"","format":"standard","meta":{"footnotes":""},"categories":[35],"tags":[174,1077,412,4503,2156,968,85850,967],"class_list":["post-214726","post","type-post","status-publish","format-standard","hentry","category-economia","tag-camera-commercio","tag-costa","tag-costa-crociere","tag-crociere","tag-luciano-pasquale","tag-porto","tag-savona","tag-terminal","post_cat_citta-andora","post_cat_citta-savona"],"amp_validity":null,"amp_enabled":true,"_links":{"self":[{"href":"https:\/\/staging.ivg.it\/ediapi\/wp\/v2\/posts\/214726","targetHints":{"allow":["GET"]}}],"collection":[{"href":"https:\/\/staging.ivg.it\/ediapi\/wp\/v2\/posts"}],"about":[{"href":"https:\/\/staging.ivg.it\/ediapi\/wp\/v2\/types\/post"}],"author":[{"embeddable":true,"href":"https:\/\/staging.ivg.it\/ediapi\/wp\/v2\/users\/13744"}],"replies":[{"embeddable":true,"href":"https:\/\/staging.ivg.it\/ediapi\/wp\/v2\/comments?post=214726"}],"version-history":[{"count":0,"href":"https:\/\/staging.ivg.it\/ediapi\/wp\/v2\/posts\/214726\/revisions"}],"wp:attachment":[{"href":"https:\/\/staging.ivg.it\/ediapi\/wp\/v2\/media?parent=214726"}],"wp:term":[{"taxonomy":"category","embeddable":true,"href":"https:\/\/staging.ivg.it\/ediapi\/wp\/v2\/categories?post=214726"},{"taxonomy":"post_tag","embeddable":true,"href":"https:\/\/staging.ivg.it\/ediapi\/wp\/v2\/tags?post=214726"}],"curies":[{"name":"wp","href":"https:\/\/api.w.org\/{rel}","templated":true}]}}