{"id":214722,"date":"2012-04-03T13:23:09","date_gmt":"2012-04-03T11:23:09","guid":{"rendered":"http:\/\/www.ivg.it\/?p=214722"},"modified":"2012-04-03T17:30:23","modified_gmt":"2012-04-03T15:30:23","slug":"nuovo-terminal-savona-canavese-ci-auguriamo-possa-differenziare-lofferta-con-nuove-navi-del-gruppo","status":"publish","type":"post","link":"https:\/\/staging.ivg.it\/2012\/04\/nuovo-terminal-savona-canavese-ci-auguriamo-possa-differenziare-lofferta-con-nuove-navi-del-gruppo\/","title":{"rendered":"Nuovo terminal Savona, Canavese: &#8220;Ci auguriamo possa differenziare l&#8217;offerta, con nuove navi del gruppo&#8221;"},"content":{"rendered":"<p><strong>Savona<\/strong>. Presentazione del nuovo terminal crociere e della programmazione per gli approdi Costa stamane in Camera di Commercio a Savona. Oltre al direttore generale della compagnia, Gianni Onorato, hanno partecipato il presidente dell\u2019Autorit\u00e0 portuale, Cristoforo Canavese, il presidente dell&#8217;ente camerale, Luciano Pasquale, e il sindaco di Savona, Federico Berruti.<\/p>\n<p>Il direttore Onorato ha confermato l&#8217;investimento e l&#8217;imminente avvio del cantiere per la nuova stazione che verr\u00e0 realizzata nell&#8217;area adiacente al terminal crocieristico Palacrociere. L&#8217;Autorit\u00e0 Portuale ha ricordato che il progetto \u00e8 nato per rispondere alle esigenze legate al forte aumento del traffico crociere registrato negli ultimi anni che va ad assestarsi sul milione di passeggeri con oltre 200 accosti.<\/p>\n<p>&#8220;Avrei gi\u00e0 cominciato due mesi fa, siamo gi\u00e0 in ritardo&#8230; ma \u00e8 una grande soddisfazione dare il via a questo intervento &#8211; commenta Canavese &#8211; L&#8217;opera potr\u00e0 portare a Savona altre navi del gruppo Carnival, che non dimentichiamo essere il primo al mondo nel settore crocieristico. Ci auguriamo che la nuova stazione possa differenziare l&#8217;offerta, soprattutto nei mesi estivi. In primavera e autunno sar\u00e0 la base operativa delle navi Costa&#8221;.<\/p>\n<p>&#8220;In termini occupazionali, non ci sar\u00e0 una variazione significativa, a meno che altri navi del gruppo decidano di eleggere Savona a scalo preferenziale nei mesi estivi: in questo caso ci potrebbe essere un aumento dei posti di lavoro&#8221; sottolinea Canavese.<\/p>\n<p>Ormai prossimo anche l&#8217;avvicendamento al vertice della Port Athority. &#8220;Non sar\u00f2 io a inaugurare il nuovo terminal &#8211; osserva Canavese &#8211; Il lavoro di questi anni \u00e8 stato intenso e ancora aperto. Il mio pensiero \u00e8 sulle infrastrutture ancora da seguire, come la piattaforma Maersk&#8221;.<\/p>\n","protected":false},"excerpt":{"rendered":"<p>Savona. Presentazione del nuovo terminal crociere e della programmazione per gli approdi Costa stamane in Camera di Commercio a Savona. Oltre al direttore generale della compagnia, Gianni Onorato, hanno partecipato il presidente dell\u2019Autorit\u00e0 portuale, Cristoforo Canavese, il presidente dell&#8217;ente camerale, Luciano Pasquale, e il sindaco di Savona, Federico Berruti. Il direttore Onorato ha confermato l&#8217;investimento [&hellip;]<\/p>\n","protected":false},"author":13744,"featured_media":0,"comment_status":"open","ping_status":"closed","sticky":false,"template":"","format":"standard","meta":{"footnotes":""},"categories":[35],"tags":[1543,1077,4503,968,5455,85850],"class_list":["post-214722","post","type-post","status-publish","format-standard","hentry","category-economia","tag-autorita-portuale","tag-costa","tag-crociere","tag-porto","tag-rino-canavese","tag-savona","post_cat_citta-savona"],"amp_validity":null,"amp_enabled":true,"_links":{"self":[{"href":"https:\/\/staging.ivg.it\/ediapi\/wp\/v2\/posts\/214722","targetHints":{"allow":["GET"]}}],"collection":[{"href":"https:\/\/staging.ivg.it\/ediapi\/wp\/v2\/posts"}],"about":[{"href":"https:\/\/staging.ivg.it\/ediapi\/wp\/v2\/types\/post"}],"author":[{"embeddable":true,"href":"https:\/\/staging.ivg.it\/ediapi\/wp\/v2\/users\/13744"}],"replies":[{"embeddable":true,"href":"https:\/\/staging.ivg.it\/ediapi\/wp\/v2\/comments?post=214722"}],"version-history":[{"count":0,"href":"https:\/\/staging.ivg.it\/ediapi\/wp\/v2\/posts\/214722\/revisions"}],"wp:attachment":[{"href":"https:\/\/staging.ivg.it\/ediapi\/wp\/v2\/media?parent=214722"}],"wp:term":[{"taxonomy":"category","embeddable":true,"href":"https:\/\/staging.ivg.it\/ediapi\/wp\/v2\/categories?post=214722"},{"taxonomy":"post_tag","embeddable":true,"href":"https:\/\/staging.ivg.it\/ediapi\/wp\/v2\/tags?post=214722"}],"curies":[{"name":"wp","href":"https:\/\/api.w.org\/{rel}","templated":true}]}}