{"id":214721,"date":"2012-04-03T13:09:11","date_gmt":"2012-04-03T11:09:11","guid":{"rendered":"http:\/\/www.ivg.it\/?p=214721"},"modified":"2012-04-03T16:52:19","modified_gmt":"2012-04-03T14:52:19","slug":"nuovo-terminal-costa-onorato-a-settembre-2013-contiamo-di-avere-la-stazione-operativa","status":"publish","type":"post","link":"https:\/\/staging.ivg.it\/2012\/04\/nuovo-terminal-costa-onorato-a-settembre-2013-contiamo-di-avere-la-stazione-operativa\/","title":{"rendered":"Nuovo terminal Savona, Onorato: &#8220;A settembre 2013 contiamo di avere la stazione operativa&#8221;"},"content":{"rendered":"<p><strong>Savona<\/strong>. &#8220;Abbiamo confermato anche in questa sede i precedenti impegni per avere la seconda stazione crocieristica qui a Savona, con un investimento pari a 9 milioni di euro&#8221;. Cos\u00ec il direttore generale di Costa Crociere, Gianni Onorato, stamane presso l&#8217;ente camerale savonese. La direzione della compagnia ha ribadito l&#8217;investimento sulla nuova struttura nell&#8217;area adiacente all&#8217;attuale terminal Palacrociere.<\/p>\n<p>&#8220;Con la presenza di 220 scali e 900 mila ospiti movimentati, Savona \u00e8 il nostro riferimento per quest&#8217;anno e per gli anni a venire &#8211; osserva Onorato &#8211; L&#8217;appalto \u00e8 in fase di assegnazione e sar\u00e0 completato a fine aprile. Contiamo di iniziare i lavori a fine maggio. Si prevede per il 20 settembre 2013 di avere la nuova stazione marittima pienamente funzionante, in un periodo fra l&#8217;altro generalmente dinamico dal punto di vista delle prenotazioni&#8221;.<\/p>\n<p>&#8220;I dati sono incoraggianti dopo un periodo difficile &#8211; sottolinea il direttore generale &#8211; Le stesse navi savonesi nel periodo pasquale hanno registrato un aumento. Voglio particolarmente ringraziare i clienti fedeli, del nostro Club, che hanno dato segni di supporto importanti, in taluni casi anche prenotando una crociera in pi\u00f9 rispetto al passato&#8221;.<\/p>\n<p>Sulle navi protagoniste dei recenti incidenti, &#8220;Concordia \u00e8 un relitto che non riprender\u00e0 a navigare &#8211; commenta Onorato &#8211; Per quanto riguarda Allegra, decideremo successivamente come affrontare la riparazione; rimane tuttora l&#8217;opzione della vendita. &#8220;In questi due mesi ci siamo dedicati ad una vera emergenza: assistere i passeggeri, le famiglie e l&#8217;equipaggio. Abbiamo impegnato tutte le nostre forze in questa direzione&#8221;.<\/p>\n<p>&#8220;Oggi, dopo il completo svuotamento dei serbatoi, della Costa Concordia e la pulizia dei fondali, iniziata la settimana scorsa, ci stiamo concentrando sul piano di rimozione della Concordia. Entro il 20 aprile si dovr\u00e0 trovare l&#8217;azienda specializzata che rimuover\u00e0 la Concordia, operazione che avverr\u00e0 entro la primavera del 2013&#8221; riferisce Onorato.<\/p>\n","protected":false},"excerpt":{"rendered":"<p>Savona. &#8220;Abbiamo confermato anche in questa sede i precedenti impegni per avere la seconda stazione crocieristica qui a Savona, con un investimento pari a 9 milioni di euro&#8221;. Cos\u00ec il direttore generale di Costa Crociere, Gianni Onorato, stamane presso l&#8217;ente camerale savonese. La direzione della compagnia ha ribadito l&#8217;investimento sulla nuova struttura nell&#8217;area adiacente all&#8217;attuale [&hellip;]<\/p>\n","protected":false},"author":13744,"featured_media":0,"comment_status":"open","ping_status":"closed","sticky":false,"template":"","format":"standard","meta":{"footnotes":""},"categories":[35],"tags":[8319,1077,412,24109,5787,968,85850,967],"class_list":["post-214721","post","type-post","status-publish","format-standard","hentry","category-economia","tag-concordia","tag-costa","tag-costa-crociere","tag-gianni-onorato","tag-naufragio","tag-porto","tag-savona","tag-terminal","post_cat_citta-andora","post_cat_citta-savona"],"amp_validity":null,"amp_enabled":true,"_links":{"self":[{"href":"https:\/\/staging.ivg.it\/ediapi\/wp\/v2\/posts\/214721","targetHints":{"allow":["GET"]}}],"collection":[{"href":"https:\/\/staging.ivg.it\/ediapi\/wp\/v2\/posts"}],"about":[{"href":"https:\/\/staging.ivg.it\/ediapi\/wp\/v2\/types\/post"}],"author":[{"embeddable":true,"href":"https:\/\/staging.ivg.it\/ediapi\/wp\/v2\/users\/13744"}],"replies":[{"embeddable":true,"href":"https:\/\/staging.ivg.it\/ediapi\/wp\/v2\/comments?post=214721"}],"version-history":[{"count":0,"href":"https:\/\/staging.ivg.it\/ediapi\/wp\/v2\/posts\/214721\/revisions"}],"wp:attachment":[{"href":"https:\/\/staging.ivg.it\/ediapi\/wp\/v2\/media?parent=214721"}],"wp:term":[{"taxonomy":"category","embeddable":true,"href":"https:\/\/staging.ivg.it\/ediapi\/wp\/v2\/categories?post=214721"},{"taxonomy":"post_tag","embeddable":true,"href":"https:\/\/staging.ivg.it\/ediapi\/wp\/v2\/tags?post=214721"}],"curies":[{"name":"wp","href":"https:\/\/api.w.org\/{rel}","templated":true}]}}